{"id":1833,"date":"2022-06-20T15:01:00","date_gmt":"2022-06-20T15:01:00","guid":{"rendered":"http:\/\/calespachs.local.jamgo.org\/cales-de-pachs-remporte-le-prix-de-linnovation-fegp-2022\/"},"modified":"2023-11-12T21:31:21","modified_gmt":"2023-11-12T21:31:21","slug":"cales-de-pachs-remporte-le-prix-de-linnovation-fegp-2022","status":"publish","type":"post","link":"https:\/\/www.calespachs.com\/fr\/cales-de-pachs-remporte-le-prix-de-linnovation-fegp-2022\/","title":{"rendered":"Cales de Pachs remporte le prix de l&rsquo;innovation FEGP 2022"},"content":{"rendered":"\n<p class=\"has-large-font-size\">L&rsquo;entreprise re\u00e7oit cette reconnaissance quelques jours apr\u00e8s avoir re\u00e7u le Prix National de l&rsquo;Environnement<\/p>\n\n<p>Cales de Pachs a encore de la chance. L&rsquo;entreprise Pacs del Pened\u00e8s, d\u00e9di\u00e9e \u00e0 la fabrication de chaux, a re\u00e7u une nouvelle reconnaissance, cette fois de la Federaci\u00f3 Empresarial del Gran Pened\u00e8s (FEGP).<\/p>\n\n<p><p id=\"tw-target-text\" class=\"tw-data-text tw-text-large tw-ta\" dir=\"ltr\" data-placeholder=\"Traducci&#xF3;\" data-ved=\"2ahUKEwj1zeX4mr-CAxVERqQEHeljDdcQ3ewLegQIARAQ\"><span class=\"Y2IQFc\" lang=\"fr\">Lors de la Nuit de l&rsquo;Entreprise, qui s&rsquo;est d\u00e9roul\u00e9e jeudi \u00e0 la cave Juv\u00e9 i Camps de Sant Sadurn\u00ed d&rsquo;Anoia, l&rsquo;entreprise de Pened\u00e8s a re\u00e7u le Prix FEGP de l&rsquo;Innovation, qui confirme l&rsquo;engagement que Cales de Pachs a pris ces derni\u00e8res ann\u00e9es pour d\u00e9velopper produits innovants. La reconnaissance a \u00e9t\u00e9 re\u00e7ue par Esteve Gaona, membre de la direction facultative de l&rsquo;entreprise, qui a \u00e9t\u00e9 accompagn\u00e9 pendant l&rsquo;\u00e9v\u00e9nement par toute l&rsquo;\u00e9quipe de direction de Cales de Pachs.<\/span><\/p><\/p>\n\n<p><p id=\"tw-target-text\" class=\"tw-data-text tw-text-large tw-ta\" dir=\"ltr\" data-placeholder=\"Traducci&#xF3;\" data-ved=\"2ahUKEwj1zeX4mr-CAxVERqQEHeljDdcQ3ewLegQIARAQ\"><span class=\"Y2IQFc\" lang=\"fr\">La c\u00e9r\u00e9monie de remise des prix s&rsquo;est d\u00e9roul\u00e9e en pr\u00e9sence du ministre de l&rsquo;Entreprise, <strong>Roger Torrent<\/strong>, qui a r\u00e9affirm\u00e9 l&rsquo;importance de l&rsquo;industrie en Catalogne. \u00ab\u00a0Nous voulons atteindre 25% du poids de l&rsquo;industrie dans notre pays. Cela nous semble un objectif ambitieux et possible qui nous permettra de g\u00e9n\u00e9rer de la richesse avec une industrie moderne et verte\u00a0\u00bb, a d\u00e9clar\u00e9 Torrent.<\/span><\/p><\/p>\n\n<p><p id=\"tw-target-text\" class=\"tw-data-text tw-text-large tw-ta\" dir=\"ltr\" data-placeholder=\"Traducci&#xF3;\" data-ved=\"2ahUKEwj1zeX4mr-CAxVERqQEHeljDdcQ3ewLegQIARAQ\"><strong><span class=\"Y2IQFc\" lang=\"fr\">Innover pour garantir l\u2019avenir<\/span><\/strong><\/p><\/p>\n\n<p><p id=\"tw-target-text\" class=\"tw-data-text tw-text-large tw-ta\" dir=\"ltr\" data-placeholder=\"Traducci&#xF3;\" data-ved=\"2ahUKEwj1zeX4mr-CAxVERqQEHeljDdcQ3ewLegQIARAQ\"><span class=\"Y2IQFc\" lang=\"fr\">Pour s&rsquo;imposer face \u00e0 la concurrence des entreprises multinationales, l&rsquo;entreprise, fond\u00e9e en 1967 par la famille Gran\u00e9, s&rsquo;est distingu\u00e9e de la fabrication de produits courants (marchandises) et a donn\u00e9 \u00e0 la chaux de nouvelles utilisations, essentiellement avec des applications environnementales. Le traitement de l&rsquo;eau destin\u00e9e \u00e0 la consommation humaine et des fum\u00e9es industrielles et d&rsquo;incin\u00e9rateurs, la d\u00e9sinfection des eaux us\u00e9es ou l&rsquo;assainissement des boues d&rsquo;\u00e9puration sont quelques-unes des utilisations de la chaux produite \u00e0 Cales de Pachs.<\/span><\/p><\/p>\n\n<p><p id=\"tw-target-text\" class=\"tw-data-text tw-text-large tw-ta\" dir=\"ltr\" data-placeholder=\"Traducci&#xF3;\" data-ved=\"2ahUKEwj1zeX4mr-CAxVERqQEHeljDdcQ3ewLegQIARAQ\"><span class=\"Y2IQFc\" lang=\"fr\">La reconnaissance par la FEGP de la d\u00e9marche innovante de Cales de Pachs intervient quelques jours seulement apr\u00e8s que l&rsquo;entreprise ait re\u00e7u le Prix National de l&rsquo;Environnement d\u00e9cern\u00e9 par le Minist\u00e8re de la Transition \u00c9cologique et du D\u00e9fi D\u00e9mographique.<\/span><\/p><\/p>\n\n<p>En aquest cas, el govern espanyol ha destacat la tasca que fa l\u2019empresa de Pacs del Pened\u00e8s \u201cen el desenvolupament i innovaci\u00f3 tecnol\u00f2gica en la cerca de la sostenibilitat\u201d.&#13;\n<\/p>\n","protected":false},"excerpt":{"rendered":"<p>L&rsquo;entreprise re\u00e7oit cette reconnaissance quelques jours apr\u00e8s avoir re\u00e7u le Prix National de l&rsquo;Environnement Cales de Pachs a encore de la chance. L&rsquo;entreprise Pacs del Pened\u00e8s, d\u00e9di\u00e9e \u00e0 la fabrication de chaux, a re\u00e7u une nouvelle reconnaissance, cette fois de la Federaci\u00f3 Empresarial del Gran Pened\u00e8s (FEGP). Lors de la Nuit de l&rsquo;Entreprise, qui s&rsquo;est [&hellip;]<\/p>\n","protected":false},"author":2,"featured_media":716,"comment_status":"open","ping_status":"open","sticky":false,"template":"","format":"standard","meta":{"_acf_changed":false,"footnotes":""},"categories":[52],"tags":[],"class_list":["post-1833","post","type-post","status-publish","format-standard","has-post-thumbnail","hentry","category-actualite"],"acf":[],"_links":{"self":[{"href":"https:\/\/www.calespachs.com\/fr\/wp-json\/wp\/v2\/posts\/1833","targetHints":{"allow":["GET"]}}],"collection":[{"href":"https:\/\/www.calespachs.com\/fr\/wp-json\/wp\/v2\/posts"}],"about":[{"href":"https:\/\/www.calespachs.com\/fr\/wp-json\/wp\/v2\/types\/post"}],"author":[{"embeddable":true,"href":"https:\/\/www.calespachs.com\/fr\/wp-json\/wp\/v2\/users\/2"}],"replies":[{"embeddable":true,"href":"https:\/\/www.calespachs.com\/fr\/wp-json\/wp\/v2\/comments?post=1833"}],"version-history":[{"count":1,"href":"https:\/\/www.calespachs.com\/fr\/wp-json\/wp\/v2\/posts\/1833\/revisions"}],"predecessor-version":[{"id":1834,"href":"https:\/\/www.calespachs.com\/fr\/wp-json\/wp\/v2\/posts\/1833\/revisions\/1834"}],"wp:featuredmedia":[{"embeddable":true,"href":"https:\/\/www.calespachs.com\/fr\/wp-json\/wp\/v2\/media\/716"}],"wp:attachment":[{"href":"https:\/\/www.calespachs.com\/fr\/wp-json\/wp\/v2\/media?parent=1833"}],"wp:term":[{"taxonomy":"category","embeddable":true,"href":"https:\/\/www.calespachs.com\/fr\/wp-json\/wp\/v2\/categories?post=1833"},{"taxonomy":"post_tag","embeddable":true,"href":"https:\/\/www.calespachs.com\/fr\/wp-json\/wp\/v2\/tags?post=1833"}],"curies":[{"name":"wp","href":"https:\/\/api.w.org\/{rel}","templated":true}]}}