{"id":1829,"date":"2022-07-04T14:48:00","date_gmt":"2022-07-04T14:48:00","guid":{"rendered":"http:\/\/calespachs.local.jamgo.org\/le-ministre-de-lentreprise-et-de-lemploi-roger-torrent-visite-le-siege-de-cales-de-pachs\/"},"modified":"2023-11-12T21:27:30","modified_gmt":"2023-11-12T21:27:30","slug":"le-ministre-de-lentreprise-et-de-lemploi-roger-torrent-visite-le-siege-de-cales-de-pachs","status":"publish","type":"post","link":"https:\/\/www.calespachs.com\/fr\/le-ministre-de-lentreprise-et-de-lemploi-roger-torrent-visite-le-siege-de-cales-de-pachs\/","title":{"rendered":"Le ministre de l&rsquo;Entreprise et de l&rsquo;Emploi, Roger Torrent, visite le si\u00e8ge de Cales de Pachs"},"content":{"rendered":"\n<p class=\"has-large-font-size\">Torrent a appris de Valent\u00ed Gran\u00e9 l&rsquo;histoire de l&rsquo;entreprise, les produits qu&rsquo;elle fabrique et a visit\u00e9 les installations de Pacs del Pened\u00e8s<\/p>\n\n<p><p id=\"tw-target-text\" class=\"tw-data-text tw-text-large tw-ta\" dir=\"ltr\" data-placeholder=\"Traducci&#xF3;\" data-ved=\"2ahUKEwj1zeX4mr-CAxVERqQEHeljDdcQ3ewLegQIARAQ\"><span class=\"Y2IQFc\" lang=\"fr\">Le ministre de l&rsquo;Entreprise et du Travail, <strong>Roger Torrent<\/strong>, a visit\u00e9 il y a quelques jours les installations de <strong>Cales de Pachs<\/strong>, \u00e0 Pacs del Pened\u00e8s, pour conna\u00eetre l&rsquo;entreprise du Pened\u00e8s qui a re\u00e7u cette ann\u00e9e le Prix national de l&rsquo;environnement de transition \u00e9cologique et d\u00e9fi d\u00e9mographique d\u00e9cern\u00e9 par le minist\u00e8re. (MITECO).<\/span><\/p><\/p>\n\n<p>Torrent a rencontr\u00e9 Valent\u00ed Gran\u00e9, propri\u00e9taire de l&rsquo;entreprise avec son fr\u00e8re Xavier Gran\u00e9, qui lui a expliqu\u00e9 comment fonctionne l&rsquo;entreprise et quel est le processus de production de chaux. Gran\u00e9 a soulign\u00e9 l&rsquo;engagement que Cales de Pachs a pris ces derni\u00e8res ann\u00e9es pour exceller dans le d\u00e9veloppement de produits innovants.<\/p>\n\n<p>L&rsquo;entreprise de Pened\u00e8s est l&rsquo;une des plus importantes du secteur de la chaux de l&rsquo;\u00c9tat. Depuis plus de cinquante ans, elle se consacre \u00e0 la fabrication de d\u00e9riv\u00e9s calcaires, avec une attention particuli\u00e8re \u00e0 ceux ayant des applications environnementales. Parmi eux se trouve le TECHNICAL-NET pour l&rsquo;assainissement des boues d&rsquo;\u00e9puration (y compris le SARS-CoV-2) ou le TECHNICAL-AIR pour la filtration et l&rsquo;\u00e9puration des fum\u00e9es contenant du soufre, du chlore et du fluor.<\/p>\n\n<p>Valent\u00ed Gran\u00e9 a parl\u00e9 de ce type de produit avec le conseiller Torrent, \u00e0 qui il a \u00e9galement avanc\u00e9 certains futurs projets sur lesquels l&rsquo;entreprise travaille. De m\u00eame, le propri\u00e9taire de Cales de Pachs lui a fait part de certaines pr\u00e9occupations li\u00e9es \u00e0 la situation \u00e9conomique actuelle, comme l&rsquo;augmentation du prix de l&rsquo;\u00e9nergie, ou les obstacles administratifs auxquels les entreprises sont confront\u00e9es.<\/p>\n\n<p>Apr\u00e8s une r\u00e9union dans les bureaux de l&rsquo;entreprise, Roger Torrent a \u00e9galement visit\u00e9 l&rsquo;usine de chaux de Pacs del Pened\u00e8s et la carri\u00e8re d&rsquo;o\u00f9 provient la mati\u00e8re premi\u00e8re pour fabriquer ce produit. Celle de Pacs est l&rsquo;une des trois carri\u00e8res dont dispose l&rsquo;entreprise. Les autres sont situ\u00e9s \u00e0 Vilanova i la Geltr\u00fa (Garraf) et \u00e0 F\u00e1tima (Portugal).&#13;\n<\/p>\n\n<p><p id=\"tw-target-text\" class=\"tw-data-text tw-text-large tw-ta\" dir=\"ltr\" data-placeholder=\"Traducci&#xF3;\" data-ved=\"2ahUKEwj1zeX4mr-CAxVERqQEHeljDdcQ3ewLegQIARAQ\"><span class=\"Y2IQFc\" lang=\"fr\">Roger Torrent et Valent\u00ed Gran\u00e9 se sont rencontr\u00e9s un moment apr\u00e8s la visite \u00e0 Cales de Pachs dans le cadre de la Nuit des Affaires de la F\u00e9d\u00e9ration des Entreprises du Grand Pened\u00e8s (FEGP), qui a eu lieu au Juv\u00e9 et aux Camps de Sant Sadurn\u00ed d&rsquo;Anoia. Au cours de la soir\u00e9e, l&rsquo;entreprise productrice de chaux a re\u00e7u le Prix FEGP de l&rsquo;Innovation.<\/span><\/p><\/p>\n","protected":false},"excerpt":{"rendered":"<p>Torrent a appris de Valent\u00ed Gran\u00e9 l&rsquo;histoire de l&rsquo;entreprise, les produits qu&rsquo;elle fabrique et a visit\u00e9 les installations de Pacs del Pened\u00e8s Le ministre de l&rsquo;Entreprise et du Travail, Roger Torrent, a visit\u00e9 il y a quelques jours les installations de Cales de Pachs, \u00e0 Pacs del Pened\u00e8s, pour conna\u00eetre l&rsquo;entreprise du Pened\u00e8s qui a [&hellip;]<\/p>\n","protected":false},"author":2,"featured_media":1722,"comment_status":"open","ping_status":"open","sticky":false,"template":"","format":"standard","meta":{"_acf_changed":false,"footnotes":""},"categories":[52],"tags":[],"class_list":["post-1829","post","type-post","status-publish","format-standard","has-post-thumbnail","hentry","category-actualite"],"acf":[],"_links":{"self":[{"href":"https:\/\/www.calespachs.com\/fr\/wp-json\/wp\/v2\/posts\/1829","targetHints":{"allow":["GET"]}}],"collection":[{"href":"https:\/\/www.calespachs.com\/fr\/wp-json\/wp\/v2\/posts"}],"about":[{"href":"https:\/\/www.calespachs.com\/fr\/wp-json\/wp\/v2\/types\/post"}],"author":[{"embeddable":true,"href":"https:\/\/www.calespachs.com\/fr\/wp-json\/wp\/v2\/users\/2"}],"replies":[{"embeddable":true,"href":"https:\/\/www.calespachs.com\/fr\/wp-json\/wp\/v2\/comments?post=1829"}],"version-history":[{"count":1,"href":"https:\/\/www.calespachs.com\/fr\/wp-json\/wp\/v2\/posts\/1829\/revisions"}],"predecessor-version":[{"id":1830,"href":"https:\/\/www.calespachs.com\/fr\/wp-json\/wp\/v2\/posts\/1829\/revisions\/1830"}],"wp:featuredmedia":[{"embeddable":true,"href":"https:\/\/www.calespachs.com\/fr\/wp-json\/wp\/v2\/media\/1722"}],"wp:attachment":[{"href":"https:\/\/www.calespachs.com\/fr\/wp-json\/wp\/v2\/media?parent=1829"}],"wp:term":[{"taxonomy":"category","embeddable":true,"href":"https:\/\/www.calespachs.com\/fr\/wp-json\/wp\/v2\/categories?post=1829"},{"taxonomy":"post_tag","embeddable":true,"href":"https:\/\/www.calespachs.com\/fr\/wp-json\/wp\/v2\/tags?post=1829"}],"curies":[{"name":"wp","href":"https:\/\/api.w.org\/{rel}","templated":true}]}}