{"id":1801,"date":"2023-11-12T20:21:47","date_gmt":"2023-11-12T20:21:47","guid":{"rendered":"http:\/\/calespachs.local.jamgo.org\/?p=1801"},"modified":"2023-11-12T20:23:12","modified_gmt":"2023-11-12T20:23:12","slug":"cales-de-pachs-remporte-le-prix-national-de-lenvironnement","status":"publish","type":"post","link":"https:\/\/www.calespachs.com\/fr\/cales-de-pachs-remporte-le-prix-national-de-lenvironnement\/","title":{"rendered":"CALES DE PACHS REMPORTE LE PRIX NATIONAL DE L&rsquo;ENVIRONNEMENT"},"content":{"rendered":"\n<p>Le minist\u00e8re de la Transition \u00e9cologique et du D\u00e9fi d\u00e9mographique reconna\u00eet le travail de l&rsquo;entreprise dans le d\u00e9veloppement et l&rsquo;innovation technologique en qu\u00eate de durabilit\u00e9<\/p>\n","protected":false},"excerpt":{"rendered":"<p>Le minist\u00e8re de la Transition \u00e9cologique et du D\u00e9fi d\u00e9mographique reconna\u00eet le travail de l&rsquo;entreprise dans le d\u00e9veloppement et l&rsquo;innovation technologique en qu\u00eate de durabilit\u00e9<\/p>\n","protected":false},"author":1,"featured_media":381,"comment_status":"open","ping_status":"open","sticky":false,"template":"","format":"standard","meta":{"_acf_changed":false,"footnotes":""},"categories":[4],"tags":[],"class_list":["post-1801","post","type-post","status-publish","format-standard","has-post-thumbnail","hentry","category-non-classifiee"],"acf":[],"_links":{"self":[{"href":"https:\/\/www.calespachs.com\/fr\/wp-json\/wp\/v2\/posts\/1801","targetHints":{"allow":["GET"]}}],"collection":[{"href":"https:\/\/www.calespachs.com\/fr\/wp-json\/wp\/v2\/posts"}],"about":[{"href":"https:\/\/www.calespachs.com\/fr\/wp-json\/wp\/v2\/types\/post"}],"author":[{"embeddable":true,"href":"https:\/\/www.calespachs.com\/fr\/wp-json\/wp\/v2\/users\/1"}],"replies":[{"embeddable":true,"href":"https:\/\/www.calespachs.com\/fr\/wp-json\/wp\/v2\/comments?post=1801"}],"version-history":[{"count":1,"href":"https:\/\/www.calespachs.com\/fr\/wp-json\/wp\/v2\/posts\/1801\/revisions"}],"predecessor-version":[{"id":1802,"href":"https:\/\/www.calespachs.com\/fr\/wp-json\/wp\/v2\/posts\/1801\/revisions\/1802"}],"wp:featuredmedia":[{"embeddable":true,"href":"https:\/\/www.calespachs.com\/fr\/wp-json\/wp\/v2\/media\/381"}],"wp:attachment":[{"href":"https:\/\/www.calespachs.com\/fr\/wp-json\/wp\/v2\/media?parent=1801"}],"wp:term":[{"taxonomy":"category","embeddable":true,"href":"https:\/\/www.calespachs.com\/fr\/wp-json\/wp\/v2\/categories?post=1801"},{"taxonomy":"post_tag","embeddable":true,"href":"https:\/\/www.calespachs.com\/fr\/wp-json\/wp\/v2\/tags?post=1801"}],"curies":[{"name":"wp","href":"https:\/\/api.w.org\/{rel}","templated":true}]}}