{"id":1789,"date":"2023-07-27T18:16:00","date_gmt":"2023-07-27T18:16:00","guid":{"rendered":"http:\/\/calespachs.local.jamgo.org\/finaliste-aux-prix-prince-felip-2009\/"},"modified":"2023-11-12T20:12:49","modified_gmt":"2023-11-12T20:12:49","slug":"finaliste-aux-prix-prince-felip-2009","status":"publish","type":"post","link":"https:\/\/www.calespachs.com\/fr\/finaliste-aux-prix-prince-felip-2009\/","title":{"rendered":"FINALISTE AUX PRIX PRINCE FELIP 2009"},"content":{"rendered":"\n<p class=\"has-large-font-size\">Cales de Pachs est finaliste de ce concours dans la cat\u00e9gorie \u00ab\u00a0Efficacit\u00e9 \u00e9nerg\u00e9tique et \u00e9nergies renouvelables\u00a0\u00bb.<\/p>\n\n<p>Cales de Pachs a re\u00e7u un prix en tant que finaliste aux Prix Prince Felipe dans la cat\u00e9gorie \u00abEfficacit\u00e9 \u00e9nerg\u00e9tique et \u00e9nergies renouvelables\u00bb.<\/p>\n\n<p>Le Prix Prince Felipe est le prix national espagnol d&rsquo;excellence, cr\u00e9\u00e9 en 1993 pour mettre en valeur les meilleures pratiques de gestion des entreprises espagnoles.<\/p>\n","protected":false},"excerpt":{"rendered":"<p>Cales de Pachs est finaliste de ce concours dans la cat\u00e9gorie \u00ab\u00a0Efficacit\u00e9 \u00e9nerg\u00e9tique et \u00e9nergies renouvelables\u00a0\u00bb. Cales de Pachs a re\u00e7u un prix en tant que finaliste aux Prix Prince Felipe dans la cat\u00e9gorie \u00abEfficacit\u00e9 \u00e9nerg\u00e9tique et \u00e9nergies renouvelables\u00bb. Le Prix Prince Felipe est le prix national espagnol d&rsquo;excellence, cr\u00e9\u00e9 en 1993 pour mettre en [&hellip;]<\/p>\n","protected":false},"author":1,"featured_media":753,"comment_status":"open","ping_status":"open","sticky":false,"template":"","format":"standard","meta":{"_acf_changed":false,"footnotes":""},"categories":[33],"tags":[],"class_list":["post-1789","post","type-post","status-publish","format-standard","has-post-thumbnail","hentry","category-reconeixements-fr"],"acf":[],"_links":{"self":[{"href":"https:\/\/www.calespachs.com\/fr\/wp-json\/wp\/v2\/posts\/1789","targetHints":{"allow":["GET"]}}],"collection":[{"href":"https:\/\/www.calespachs.com\/fr\/wp-json\/wp\/v2\/posts"}],"about":[{"href":"https:\/\/www.calespachs.com\/fr\/wp-json\/wp\/v2\/types\/post"}],"author":[{"embeddable":true,"href":"https:\/\/www.calespachs.com\/fr\/wp-json\/wp\/v2\/users\/1"}],"replies":[{"embeddable":true,"href":"https:\/\/www.calespachs.com\/fr\/wp-json\/wp\/v2\/comments?post=1789"}],"version-history":[{"count":1,"href":"https:\/\/www.calespachs.com\/fr\/wp-json\/wp\/v2\/posts\/1789\/revisions"}],"predecessor-version":[{"id":1790,"href":"https:\/\/www.calespachs.com\/fr\/wp-json\/wp\/v2\/posts\/1789\/revisions\/1790"}],"wp:featuredmedia":[{"embeddable":true,"href":"https:\/\/www.calespachs.com\/fr\/wp-json\/wp\/v2\/media\/753"}],"wp:attachment":[{"href":"https:\/\/www.calespachs.com\/fr\/wp-json\/wp\/v2\/media?parent=1789"}],"wp:term":[{"taxonomy":"category","embeddable":true,"href":"https:\/\/www.calespachs.com\/fr\/wp-json\/wp\/v2\/categories?post=1789"},{"taxonomy":"post_tag","embeddable":true,"href":"https:\/\/www.calespachs.com\/fr\/wp-json\/wp\/v2\/tags?post=1789"}],"curies":[{"name":"wp","href":"https:\/\/api.w.org\/{rel}","templated":true}]}}