{"id":1785,"date":"2023-07-27T18:16:00","date_gmt":"2023-07-27T18:16:00","guid":{"rendered":"http:\/\/calespachs.local.jamgo.org\/prix-environnement-2008-de-la-generalite-de-catalogne\/"},"modified":"2023-11-12T20:08:14","modified_gmt":"2023-11-12T20:08:14","slug":"prix-environnement-2008-de-la-generalite-de-catalogne","status":"publish","type":"post","link":"https:\/\/www.calespachs.com\/fr\/prix-environnement-2008-de-la-generalite-de-catalogne\/","title":{"rendered":"PRIX ENVIRONNEMENT 2008 DE LA G\u00c9N\u00c9RALIT\u00c9 DE CATALOGNE"},"content":{"rendered":"\n<p class=\"has-large-font-size\">Cales de Pachs re\u00e7oit la reconnaissance du conseiller Baltasar pour son exp\u00e9rience dans le domaine de la r\u00e9duction des \u00e9missions<\/p>\n\n<p>Depuis 2005, la Generalitat de Catalunya r\u00e9compense avec le Prix de l&rsquo;Environnement le d\u00e9vouement pertinent des individus, naturels et juridiques, publics et priv\u00e9s, en faveur de la protection et de l&rsquo;am\u00e9lioration de notre environnement, dans les domaines de l&rsquo;att\u00e9nuation du changement climatique et de la r\u00e9duction et du recyclage des d\u00e9chets. . Les Prix de l&rsquo;Environnement font partie de l&rsquo;ensemble des actions de la Generalitat visant \u00e0 promouvoir et stimuler la production et le transfert de connaissances \u00e0 la soci\u00e9t\u00e9.<\/p>\n\n<p>En 2008, Cales de Pachs a \u00e9t\u00e9 reconnue pour son bilan en mati\u00e8re de r\u00e9duction des \u00e9missions. La Generalitat a reconnu la trajectoire de cette entreprise familiale, avec 40 ans d&rsquo;existence, d\u00e9di\u00e9e \u00e0 la production de chaux qui, depuis 1971, int\u00e8gre les meilleures techniques disponibles dans son processus de production, am\u00e9liorant son efficacit\u00e9 \u00e9nerg\u00e9tique et r\u00e9duisant les \u00e9missions dans l&rsquo;atmosph\u00e8re. &#13;\n<\/p>\n\n<p><p id=\"tw-target-text\" class=\"tw-data-text tw-text-large tw-ta\" dir=\"ltr\" data-placeholder=\"Traducci&#xF3;\" data-ved=\"2ahUKEwj1zeX4mr-CAxVERqQEHeljDdcQ3ewLegQIARAQ\"><span class=\"Y2IQFc\" lang=\"fr\">La derni\u00e8re action en date a \u00e9t\u00e9 l&rsquo;installation d&rsquo;une usine de micronisation de la biomasse en remplacement des combustibles fossiles, ce qui a permis de r\u00e9duire de moiti\u00e9 les \u00e9missions de CO2 et de b\u00e9n\u00e9ficier au secteur de la viande.<\/span><\/p><\/p>\n","protected":false},"excerpt":{"rendered":"<p>Cales de Pachs re\u00e7oit la reconnaissance du conseiller Baltasar pour son exp\u00e9rience dans le domaine de la r\u00e9duction des \u00e9missions Depuis 2005, la Generalitat de Catalunya r\u00e9compense avec le Prix de l&rsquo;Environnement le d\u00e9vouement pertinent des individus, naturels et juridiques, publics et priv\u00e9s, en faveur de la protection et de l&rsquo;am\u00e9lioration de notre environnement, dans [&hellip;]<\/p>\n","protected":false},"author":1,"featured_media":760,"comment_status":"open","ping_status":"open","sticky":false,"template":"","format":"standard","meta":{"_acf_changed":false,"footnotes":""},"categories":[33],"tags":[],"class_list":["post-1785","post","type-post","status-publish","format-standard","has-post-thumbnail","hentry","category-reconeixements-fr"],"acf":[],"_links":{"self":[{"href":"https:\/\/www.calespachs.com\/fr\/wp-json\/wp\/v2\/posts\/1785","targetHints":{"allow":["GET"]}}],"collection":[{"href":"https:\/\/www.calespachs.com\/fr\/wp-json\/wp\/v2\/posts"}],"about":[{"href":"https:\/\/www.calespachs.com\/fr\/wp-json\/wp\/v2\/types\/post"}],"author":[{"embeddable":true,"href":"https:\/\/www.calespachs.com\/fr\/wp-json\/wp\/v2\/users\/1"}],"replies":[{"embeddable":true,"href":"https:\/\/www.calespachs.com\/fr\/wp-json\/wp\/v2\/comments?post=1785"}],"version-history":[{"count":1,"href":"https:\/\/www.calespachs.com\/fr\/wp-json\/wp\/v2\/posts\/1785\/revisions"}],"predecessor-version":[{"id":1786,"href":"https:\/\/www.calespachs.com\/fr\/wp-json\/wp\/v2\/posts\/1785\/revisions\/1786"}],"wp:featuredmedia":[{"embeddable":true,"href":"https:\/\/www.calespachs.com\/fr\/wp-json\/wp\/v2\/media\/760"}],"wp:attachment":[{"href":"https:\/\/www.calespachs.com\/fr\/wp-json\/wp\/v2\/media?parent=1785"}],"wp:term":[{"taxonomy":"category","embeddable":true,"href":"https:\/\/www.calespachs.com\/fr\/wp-json\/wp\/v2\/categories?post=1785"},{"taxonomy":"post_tag","embeddable":true,"href":"https:\/\/www.calespachs.com\/fr\/wp-json\/wp\/v2\/tags?post=1785"}],"curies":[{"name":"wp","href":"https:\/\/api.w.org\/{rel}","templated":true}]}}