{"id":1769,"date":"2023-07-30T12:56:00","date_gmt":"2023-07-30T12:56:00","guid":{"rendered":"http:\/\/calespachs.local.jamgo.org\/recognition-in-cales-de-pachs-for-the-innovative-bet\/"},"modified":"2023-11-12T19:56:35","modified_gmt":"2023-11-12T19:56:35","slug":"recognition-in-cales-de-pachs-for-the-innovative-bet","status":"publish","type":"post","link":"https:\/\/www.calespachs.com\/fr\/recognition-in-cales-de-pachs-for-the-innovative-bet\/","title":{"rendered":"RECONNAISSANCE \u00c0 CALES DE PACHS POUR LE PARI INNOVANT"},"content":{"rendered":"\n<p class=\"has-large-font-size\">Le groupe d&rsquo;entreprises obtient le label de PME Innovante du Minist\u00e8re de la Science, de l&rsquo;Innovation et des Universit\u00e9s pour la recherche de nouvelles applications de la chaux&#13;\n<\/p>\n\n<p><p id=\"tw-target-text\" class=\"tw-data-text tw-text-large tw-ta\" dir=\"ltr\" data-placeholder=\"Traducci&#xF3;\" data-ved=\"2ahUKEwj1zeX4mr-CAxVERqQEHeljDdcQ3ewLegQIARAQ\"><span class=\"Y2IQFc\" lang=\"fr\">Le groupe Cales de Pachs s&rsquo;est fortement engag\u00e9 dans l&rsquo;innovation ces derni\u00e8res ann\u00e9es. Afin de s&rsquo;imposer face \u00e0 la concurrence des entreprises multinationales, l&rsquo;entreprise fond\u00e9e en 1967 par la famille Gran\u00e9, s&rsquo;est distingu\u00e9e de la fabrication de produits courants (marchandises) et a donn\u00e9 \u00e0 la chaux de nouvelles utilisations, essentiellement avec des applications environnementales.<\/span><\/p><\/p>\n\n<p>L&rsquo;investissement constant que le groupe de Penedes a r\u00e9alis\u00e9 dans i+D+I lui a valu la reconnaissance du gouvernement espagnol, qui lui a attribu\u00e9 il y a quelques mois le label PYME Innovadora. Actuellement, moins de 1% des entreprises sont en mesure d&rsquo;obtenir ce label du minist\u00e8re de la Science, de l&rsquo;Innovation et des Universit\u00e9s, qui met en valeur le travail des petites et moyennes entreprises dans la mise en \u0153uvre de pratiques innovantes.<\/p>\n\n<p><p id=\"tw-target-text\" class=\"tw-data-text tw-text-large tw-ta\" dir=\"ltr\" data-placeholder=\"Traducci&#xF3;\" data-ved=\"2ahUKEwj1zeX4mr-CAxVERqQEHeljDdcQ3ewLegQIARAQ\"><span class=\"Y2IQFc\" lang=\"fr\">La chaux est un produit avec une longue histoire. Il \u00e9tait d\u00e9j\u00e0 utilis\u00e9 il y a des milliers d\u2019ann\u00e9es comme conglom\u00e9rat pour la construction. Les Grecs et les Romains l\u2019utilisaient pour construire leurs empires. Mais peu \u00e0 peu, l&rsquo;utilisation de la chaux pour la construction perd de sa force et de nouvelles applications sont recherch\u00e9es pour ce d\u00e9riv\u00e9 du calcaire. Cales de Pachs est l&rsquo;un des groupes qui ont men\u00e9 cette nouvelle conception de la chaux, en investissant dans la recherche de nouveaux produits.<\/span><\/p><\/p>\n\n<p>Ces derni\u00e8res ann\u00e9es, elle a d\u00e9velopp\u00e9 de multiples applications ax\u00e9es sur l\u2019am\u00e9lioration de la durabilit\u00e9 environnementale. Le traitement de l&rsquo;eau destin\u00e9e \u00e0 la consommation humaine et des fum\u00e9es industrielles et d&rsquo;incin\u00e9rateurs, la d\u00e9sinfection des eaux us\u00e9es ou l&rsquo;assainissement des boues d&rsquo;\u00e9puration sont quelques-unes des utilisations de la chaux produite \u00e0 Cales de Pachs.<\/p>\n","protected":false},"excerpt":{"rendered":"<p>Le groupe d&rsquo;entreprises obtient le label de PME Innovante du Minist\u00e8re de la Science, de l&rsquo;Innovation et des Universit\u00e9s pour la recherche de nouvelles applications de la chaux&#13; Le groupe Cales de Pachs s&rsquo;est fortement engag\u00e9 dans l&rsquo;innovation ces derni\u00e8res ann\u00e9es. Afin de s&rsquo;imposer face \u00e0 la concurrence des entreprises multinationales, l&rsquo;entreprise fond\u00e9e en 1967 [&hellip;]<\/p>\n","protected":false},"author":1,"featured_media":741,"comment_status":"open","ping_status":"open","sticky":false,"template":"","format":"standard","meta":{"_acf_changed":false,"footnotes":""},"categories":[33],"tags":[],"class_list":["post-1769","post","type-post","status-publish","format-standard","has-post-thumbnail","hentry","category-reconeixements-fr"],"acf":[],"_links":{"self":[{"href":"https:\/\/www.calespachs.com\/fr\/wp-json\/wp\/v2\/posts\/1769","targetHints":{"allow":["GET"]}}],"collection":[{"href":"https:\/\/www.calespachs.com\/fr\/wp-json\/wp\/v2\/posts"}],"about":[{"href":"https:\/\/www.calespachs.com\/fr\/wp-json\/wp\/v2\/types\/post"}],"author":[{"embeddable":true,"href":"https:\/\/www.calespachs.com\/fr\/wp-json\/wp\/v2\/users\/1"}],"replies":[{"embeddable":true,"href":"https:\/\/www.calespachs.com\/fr\/wp-json\/wp\/v2\/comments?post=1769"}],"version-history":[{"count":3,"href":"https:\/\/www.calespachs.com\/fr\/wp-json\/wp\/v2\/posts\/1769\/revisions"}],"predecessor-version":[{"id":1774,"href":"https:\/\/www.calespachs.com\/fr\/wp-json\/wp\/v2\/posts\/1769\/revisions\/1774"}],"wp:featuredmedia":[{"embeddable":true,"href":"https:\/\/www.calespachs.com\/fr\/wp-json\/wp\/v2\/media\/741"}],"wp:attachment":[{"href":"https:\/\/www.calespachs.com\/fr\/wp-json\/wp\/v2\/media?parent=1769"}],"wp:term":[{"taxonomy":"category","embeddable":true,"href":"https:\/\/www.calespachs.com\/fr\/wp-json\/wp\/v2\/categories?post=1769"},{"taxonomy":"post_tag","embeddable":true,"href":"https:\/\/www.calespachs.com\/fr\/wp-json\/wp\/v2\/tags?post=1769"}],"curies":[{"name":"wp","href":"https:\/\/api.w.org\/{rel}","templated":true}]}}