{"id":1295,"date":"2023-08-23T13:56:42","date_gmt":"2023-08-23T13:56:42","guid":{"rendered":"http:\/\/calespachs.local.jamgo.org\/cales-de-pachs-remporte-le-prix-fegp-de-linnovation\/"},"modified":"2023-11-12T18:48:38","modified_gmt":"2023-11-12T18:48:38","slug":"cales-de-pachs-remporte-le-prix-fegp-de-linnovation","status":"publish","type":"post","link":"https:\/\/www.calespachs.com\/fr\/cales-de-pachs-remporte-le-prix-fegp-de-linnovation\/","title":{"rendered":"CALES DE PACHS REMPORTE LE PRIX FEGP DE L&rsquo;INNOVATION"},"content":{"rendered":"\n<p class=\"has-medium-font-size\">L&rsquo;entreprise re\u00e7oit cette reconnaissance quelques jours apr\u00e8s avoir re\u00e7u le Prix National de l&rsquo;Environnement<\/p>\n<a class=\"wp-block-read-more\" href=\"https:\/\/www.calespachs.com\/fr\/cales-de-pachs-remporte-le-prix-fegp-de-linnovation\/\" target=\"_self\">Lire la suite<span class=\"screen-reader-text\">\u00a0: CALES DE PACHS REMPORTE LE PRIX FEGP DE L&rsquo;INNOVATION<\/span><\/a>\n<p>Cales de Pachs a encore de la chance. L&rsquo;entreprise Pacs del Pened\u00e8s, d\u00e9di\u00e9e \u00e0 la fabrication de chaux, a re\u00e7u une nouvelle reconnaissance, cette fois de la Federaci\u00f3 Empresarial del Gran Pened\u00e8s (FEGP).<\/p>\n\n<p>Lors de la Nuit de l&rsquo;Entreprise, qui s&rsquo;est d\u00e9roul\u00e9e jeudi \u00e0 la cave Juv\u00e9 i Camps de Sant Sadurn\u00ed d&rsquo;Anoia, l&rsquo;entreprise de Pened\u00e8s a re\u00e7u le<strong> Prix FEGP de l&rsquo;Innovation<\/strong>, qui confirme l&rsquo;engagement que Cales de Pachs a pris ces derni\u00e8res ann\u00e9es pour d\u00e9velopper produits innovants. La reconnaissance a \u00e9t\u00e9 re\u00e7ue par Esteve Gaona, membre de la direction facultative de l&rsquo;entreprise, qui a \u00e9t\u00e9 accompagn\u00e9 pendant l&rsquo;\u00e9v\u00e9nement par toute l&rsquo;\u00e9quipe de direction de Cales de Pachs.<\/p>\n\n<p>La c\u00e9r\u00e9monie de remise des prix s&rsquo;est d\u00e9roul\u00e9e en pr\u00e9sence du ministre de l&rsquo;Entreprise, <strong>Roger Torrent<\/strong>, qui a r\u00e9affirm\u00e9 l&rsquo;importance de l&rsquo;industrie en Catalogne. \u00ab\u00a0Nous voulons atteindre 25% du poids de l&rsquo;industrie dans notre pays. Cela nous semble un objectif ambitieux et possible qui nous permettra de g\u00e9n\u00e9rer de la richesse avec une industrie moderne et verte\u00a0\u00bb, a d\u00e9clar\u00e9 Torrent.<\/p>\n\n<p><strong>Innover pour garantir l\u2019avenir<\/strong><\/p>\n\n<p>Pour s&rsquo;imposer face \u00e0 la concurrence des entreprises multinationales, l&rsquo;entreprise, fond\u00e9e en 1967 par la famille Gran\u00e9, s&rsquo;est distingu\u00e9e de la fabrication de produits courants (marchandises) et a donn\u00e9 \u00e0 la chaux de nouvelles utilisations, essentiellement avec des applications environnementales. Le traitement de l&rsquo;eau destin\u00e9e \u00e0 la consommation humaine et des fum\u00e9es industrielles et d&rsquo;incin\u00e9rateurs, la d\u00e9sinfection des eaux us\u00e9es ou l&rsquo;assainissement des boues d&rsquo;\u00e9puration sont quelques-unes des utilisations de la chaux produite \u00e0 Cales de Pachs.<\/p>\n\n<p>La reconnaissance par la FEGP de la d\u00e9marche innovante de Cales de Pachs intervient quelques jours seulement apr\u00e8s que l&rsquo;entreprise ait re\u00e7u le <strong>Prix National de l&rsquo;Environnement<\/strong> d\u00e9cern\u00e9 par le Minist\u00e8re de la Transition \u00c9cologique et du D\u00e9fi D\u00e9mographique.<\/p>\n\n<p>Dans ce cas, le gouvernement espagnol a soulign\u00e9 le travail r\u00e9alis\u00e9 par l&rsquo;entreprise Pacs del Pened\u00e8s \u00ab dans le d\u00e9veloppement et l&rsquo;innovation technologique dans la recherche de la durabilit\u00e9 \u00bb.&#13;\n&#13;\n<\/p>\n","protected":false},"excerpt":{"rendered":"<p>L&rsquo;entreprise re\u00e7oit cette reconnaissance quelques jours apr\u00e8s avoir re\u00e7u le Prix National de l&rsquo;Environnement Cales de Pachs a encore de la chance. L&rsquo;entreprise Pacs del Pened\u00e8s, d\u00e9di\u00e9e \u00e0 la fabrication de chaux, a re\u00e7u une nouvelle reconnaissance, cette fois de la Federaci\u00f3 Empresarial del Gran Pened\u00e8s (FEGP). Lors de la Nuit de l&rsquo;Entreprise, qui s&rsquo;est [&hellip;]<\/p>\n","protected":false},"author":1,"featured_media":1701,"comment_status":"open","ping_status":"open","sticky":false,"template":"","format":"standard","meta":{"_acf_changed":false,"footnotes":""},"categories":[33],"tags":[],"class_list":["post-1295","post","type-post","status-publish","format-standard","has-post-thumbnail","hentry","category-reconeixements-fr"],"acf":[],"_links":{"self":[{"href":"https:\/\/www.calespachs.com\/fr\/wp-json\/wp\/v2\/posts\/1295","targetHints":{"allow":["GET"]}}],"collection":[{"href":"https:\/\/www.calespachs.com\/fr\/wp-json\/wp\/v2\/posts"}],"about":[{"href":"https:\/\/www.calespachs.com\/fr\/wp-json\/wp\/v2\/types\/post"}],"author":[{"embeddable":true,"href":"https:\/\/www.calespachs.com\/fr\/wp-json\/wp\/v2\/users\/1"}],"replies":[{"embeddable":true,"href":"https:\/\/www.calespachs.com\/fr\/wp-json\/wp\/v2\/comments?post=1295"}],"version-history":[{"count":1,"href":"https:\/\/www.calespachs.com\/fr\/wp-json\/wp\/v2\/posts\/1295\/revisions"}],"predecessor-version":[{"id":1296,"href":"https:\/\/www.calespachs.com\/fr\/wp-json\/wp\/v2\/posts\/1295\/revisions\/1296"}],"wp:featuredmedia":[{"embeddable":true,"href":"https:\/\/www.calespachs.com\/fr\/wp-json\/wp\/v2\/media\/1701"}],"wp:attachment":[{"href":"https:\/\/www.calespachs.com\/fr\/wp-json\/wp\/v2\/media?parent=1295"}],"wp:term":[{"taxonomy":"category","embeddable":true,"href":"https:\/\/www.calespachs.com\/fr\/wp-json\/wp\/v2\/categories?post=1295"},{"taxonomy":"post_tag","embeddable":true,"href":"https:\/\/www.calespachs.com\/fr\/wp-json\/wp\/v2\/tags?post=1295"}],"curies":[{"name":"wp","href":"https:\/\/api.w.org\/{rel}","templated":true}]}}