{"id":1873,"date":"2021-10-08T15:21:00","date_gmt":"2021-10-08T15:21:00","guid":{"rendered":"http:\/\/calespachs.local.jamgo.org\/calas-de-pachs-un-plato-de-cine\/"},"modified":"2023-11-12T22:19:59","modified_gmt":"2023-11-12T22:19:59","slug":"calas-de-pachs-un-plato-de-cine","status":"publish","type":"post","link":"https:\/\/www.calespachs.com\/es\/calas-de-pachs-un-plato-de-cine\/","title":{"rendered":"Calas de Pachs, un plat\u00f3 de cine"},"content":{"rendered":"\n<p class=\"has-large-font-size\">Las canteras de Pacs del Pened\u00e8s y de Vilanova y la Geltr\u00fa han acogido en los \u00faltimos meses diferentes grabaciones de contenido audiovisual<\/p>\n\n<p>El Pened\u00e8s es un territorio con una oferta ilimitada de paisajes. Su privilegiada verdad de escenarios le ha convertido en los \u00faltimos a\u00f1os en un reclamo para las empresas de audiovisuales de todo el continente europeo, que encuentran en la zona mil y una localizaciones \u00fanicas para sus grabaciones.<\/p>\n\n<p>De la mano del sello Gran Pened\u00e8s Film Commission, creado por la empresa NODE Film Cl\u00faster con el objetivo de alcanzar una posici\u00f3n preeminente en el mercado de destinos filmogr\u00e1ficos, en los \u00faltimos a\u00f1os se han rodado en el Alt y el Baix Pened\u00e8s y el Garraf decenas de anuncios, pel\u00edculas, series y videoclips musicales, todos con un mismo denominador com\u00fan: tener el Pened\u00e8s como tel\u00f3n de Fondo. Se han implicado desde administraciones, hasta compa\u00f1\u00edas privadas.&#13;\n<\/p>\n\n<p>Una de las empresas que m\u00e1s ha participado de esta nueva tendencia es Cales de Pachs. Las dos canteras que la empresa tiene en el Gran Pened\u00e8s -una en Pacs del Pened\u00e8s (sede de la empresa) y una en Vilanova y la Geltr\u00fa-, han acogido en los \u00faltimos meses los equipos de grabaci\u00f3n de diversas productoras audiovisuales que han conseguido transformar estos espacios en parajes inimaginables, como una monta\u00f1a nevada o un planeta lejano en la Tierra.<\/p>\n\n<p>En las canteras de Cales de Pachs ha grabado destacadas empresas de moda, una de las compa\u00f1\u00edas punteras en la fabricaci\u00f3n de smartphones, grupos de m\u00fasica, productoras de cine, y ahora se est\u00e1 acabando de ligar un contrato con una gran productora de contenido en streaming para grabar una serie.<\/p>\n\n<p>Todo un ejemplo de las posibilidades que ofrece la compa\u00f1\u00eda de Pachs del Pened\u00e8s por la versatilidad de sus instalaciones.<\/p>\n","protected":false},"excerpt":{"rendered":"<p>Las canteras de Pacs del Pened\u00e8s y de Vilanova y la Geltr\u00fa han acogido en los \u00faltimos meses diferentes grabaciones de contenido audiovisual El Pened\u00e8s es un territorio con una oferta ilimitada de paisajes. Su privilegiada verdad de escenarios le ha convertido en los \u00faltimos a\u00f1os en un reclamo para las empresas de audiovisuales de [&hellip;]<\/p>\n","protected":false},"author":2,"featured_media":1743,"comment_status":"open","ping_status":"open","sticky":false,"template":"","format":"standard","meta":{"_acf_changed":false,"footnotes":""},"categories":[53],"tags":[],"class_list":["post-1873","post","type-post","status-publish","format-standard","has-post-thumbnail","hentry","category-actualidad"],"acf":[],"_links":{"self":[{"href":"https:\/\/www.calespachs.com\/es\/wp-json\/wp\/v2\/posts\/1873","targetHints":{"allow":["GET"]}}],"collection":[{"href":"https:\/\/www.calespachs.com\/es\/wp-json\/wp\/v2\/posts"}],"about":[{"href":"https:\/\/www.calespachs.com\/es\/wp-json\/wp\/v2\/types\/post"}],"author":[{"embeddable":true,"href":"https:\/\/www.calespachs.com\/es\/wp-json\/wp\/v2\/users\/2"}],"replies":[{"embeddable":true,"href":"https:\/\/www.calespachs.com\/es\/wp-json\/wp\/v2\/comments?post=1873"}],"version-history":[{"count":1,"href":"https:\/\/www.calespachs.com\/es\/wp-json\/wp\/v2\/posts\/1873\/revisions"}],"predecessor-version":[{"id":1874,"href":"https:\/\/www.calespachs.com\/es\/wp-json\/wp\/v2\/posts\/1873\/revisions\/1874"}],"wp:featuredmedia":[{"embeddable":true,"href":"https:\/\/www.calespachs.com\/es\/wp-json\/wp\/v2\/media\/1743"}],"wp:attachment":[{"href":"https:\/\/www.calespachs.com\/es\/wp-json\/wp\/v2\/media?parent=1873"}],"wp:term":[{"taxonomy":"category","embeddable":true,"href":"https:\/\/www.calespachs.com\/es\/wp-json\/wp\/v2\/categories?post=1873"},{"taxonomy":"post_tag","embeddable":true,"href":"https:\/\/www.calespachs.com\/es\/wp-json\/wp\/v2\/tags?post=1873"}],"curies":[{"name":"wp","href":"https:\/\/api.w.org\/{rel}","templated":true}]}}