{"id":1867,"date":"2021-10-20T15:23:00","date_gmt":"2021-10-20T15:23:00","guid":{"rendered":"http:\/\/calespachs.local.jamgo.org\/cales-de-pachs-reconocida-con-el-premio-talent-cambra-2021-en-la-categoria-de-transicion-energetica\/"},"modified":"2023-11-12T22:16:51","modified_gmt":"2023-11-12T22:16:51","slug":"cales-de-pachs-reconocida-con-el-premio-talent-cambra-2021-en-la-categoria-de-transicion-energetica","status":"publish","type":"post","link":"https:\/\/www.calespachs.com\/es\/cales-de-pachs-reconocida-con-el-premio-talent-cambra-2021-en-la-categoria-de-transicion-energetica\/","title":{"rendered":"Cales de Pachs, reconocida con el Premio Talent Cambra 2021 en la categor\u00eda de Transici\u00f3n Energ\u00e9tica"},"content":{"rendered":"\n<p class=\"has-large-font-size\">La Fundaci\u00f3n Imuplsa Talentum XXI destaca la inversi\u00f3n en innovaci\u00f3n y sostenibilidad que la compa\u00f1\u00eda del Pened\u00e8s ha llevado a cabo en los \u00faltimos a\u00f1os&#13;\n<\/p>\n\n<p>La fundaci\u00f3n Impulsa Talentum XXI ha entregado este fin de semana los 32 galardones correspondientes a la edici\u00f3n 2021 de los Premios Talent Cambra, en una ronda de entrevistas y encuentros que ha tenido lugar el s\u00e1bado y el domingo, en el Hub Cambra de la C\u00e1mara de Comercio, entidad colaboradora de los galardones.<\/p>\n\n<p><p id=\"tw-target-text\" class=\"tw-data-text tw-text-large tw-ta\" dir=\"ltr\" data-placeholder=\"Traducci&#xF3;\" data-ved=\"2ahUKEwj1zeX4mr-CAxVERqQEHeljDdcQ3ewLegQIARAQ\"><span class=\"Y2IQFc\" lang=\"es\">Entre ellos, Cales de Pachs ha recibido el Premio Talent Cambra 2021, en la categor\u00eda de Transici\u00f3n Energ\u00e9tica. Valent\u00ed Gran\u00e9, director general de la empresa junto a su hermano Xavier Gran\u00e9, ha recogido el galard\u00f3n. Desde la compa\u00f1\u00eda han destacado la satisfacci\u00f3n por este premio, que reconoce la inversi\u00f3n en sostenibilidad e innovaci\u00f3n que la compa\u00f1\u00eda del Pened\u00e8s ha realizado en los \u00faltimos a\u00f1os.<\/span><\/p><\/p>\n\n<p>Ya hace tiempo que Cales de Pachs apuesta por buscar nuevos usos por la cal. A lo largo de la \u00faltima d\u00e9cada, en colaboraci\u00f3n con varios centros universitarios, ha desarrollado aplicaciones innovadoras para sus productos, destinadas principalmente al cuidado del medio ambiente.<\/p>\n\n<p>Adem\u00e1s, la empresa del Pened\u00e8s trabaja desde hace tiempo con biomasa en sus procesos de producci\u00f3n, y actualmente tiene sobre la mesa un proyecto para instalar un parque de placas solares en la sede de Pacs del Pened\u00e8s de 3.000 KW. La planta energ\u00e9tica permitir\u00eda a Cales de Pachs reducir un 32% sus emisiones de CO2 y para hacerla realidad se necesita una inversi\u00f3n de 2 millones de euros.<\/p>\n\n<p><p id=\"tw-target-text\" class=\"tw-data-text tw-text-large tw-ta\" dir=\"ltr\" data-placeholder=\"Traducci&#xF3;\" data-ved=\"2ahUKEwj1zeX4mr-CAxVERqQEHeljDdcQ3ewLegQIARAQ\"><strong><span class=\"Y2IQFc\" lang=\"es\">Los Premios Talent Cambra<\/span><\/strong><\/p><\/p>\n\n<p>Los premios quieren reconocer a personas, proyectos, instituciones y empresas que se destacan por aportar soluciones imaginativas a retos, problemas y situaciones, que han sido escogidas por varios jurados, desde el \u00e1mbito socio-sanitario y de los cuidados hasta el deportivo , desde la industria a los medios de comunicaci\u00f3n, pasando por la transferencia de conocimiento o la literatura y artes esc\u00e9nicas. Entre los criterios m\u00e1s transversales se encuentra el uso de la tecnolog\u00eda, la sostenibilidad o los criterios ambientales, adem\u00e1s de proyectos innovadores, de \u00e9xito y disruptivos.<\/p>\n\n<p>Bru Recolons, presidente de la fundaci\u00f3n Impulsa Talentum destaca la relevancia de muchos proyectos, \u00abque son un avance muy destacado en el uso de las tecnolog\u00edas y la innovaci\u00f3n para la resoluci\u00f3n de retos y problemas de nuestra sociedad\u00bb. Adem\u00e1s, Recolons explica que entre los premiados de los a\u00f1os anteriores hay \u201cstartups que ahora est\u00e1n en lo m\u00e1s alto, unicornios, e incluso empresas que cotizan en Nueva York, lo que demuestra la val\u00eda de los jurados y confirma la necesidad de premiar al talento, para ayudar a su impulso\u201d.<\/p>\n\n<p>Bru Recolons, presidente de la fundaci\u00f3n Impulsa Talentum, destaca la relevancia de muchos proyectos, \u00abque son un avance muy destacado en el uso de las tecnolog\u00edas y la innovaci\u00f3n para la resoluci\u00f3n de retos y problemas de nuestra sociedad\u00bb. Adem\u00e1s, Recolons explica que entre los premiados de los a\u00f1os anteriores hay \u201cstartups que ahora est\u00e1n en lo m\u00e1s alto, unicornios, e incluso empresas que cotizan en Nueva York, lo que demostra la val\u00eda de los jurados y confirma la necesidad de premiar al talento , para ayudar a su impulso\u201d.<\/p>\n\n<p>Los galardonados han recibido el trofeo que les acredita como ganadores de este a\u00f1o en su categor\u00eda. Adem\u00e1s, formar\u00e1n parte de un diagn\u00f3stico empresarial que realiza la Fundaci\u00f3n Impulsa Talentum para cada uno de ellos para ayudarle en la mejora del proyecto desde \u00e1mbitos muy diversos, en la elaboraci\u00f3n de una pieza en formato reportaje , y en el soporte comunicativo a trav\u00e9s del Catalonia Talent.<\/p>\n","protected":false},"excerpt":{"rendered":"<p>La Fundaci\u00f3n Imuplsa Talentum XXI destaca la inversi\u00f3n en innovaci\u00f3n y sostenibilidad que la compa\u00f1\u00eda del Pened\u00e8s ha llevado a cabo en los \u00faltimos a\u00f1os&#13; La fundaci\u00f3n Impulsa Talentum XXI ha entregado este fin de semana los 32 galardones correspondientes a la edici\u00f3n 2021 de los Premios Talent Cambra, en una ronda de entrevistas y [&hellip;]<\/p>\n","protected":false},"author":2,"featured_media":735,"comment_status":"open","ping_status":"open","sticky":false,"template":"","format":"standard","meta":{"_acf_changed":false,"footnotes":""},"categories":[53],"tags":[],"class_list":["post-1867","post","type-post","status-publish","format-standard","has-post-thumbnail","hentry","category-actualidad"],"acf":[],"_links":{"self":[{"href":"https:\/\/www.calespachs.com\/es\/wp-json\/wp\/v2\/posts\/1867","targetHints":{"allow":["GET"]}}],"collection":[{"href":"https:\/\/www.calespachs.com\/es\/wp-json\/wp\/v2\/posts"}],"about":[{"href":"https:\/\/www.calespachs.com\/es\/wp-json\/wp\/v2\/types\/post"}],"author":[{"embeddable":true,"href":"https:\/\/www.calespachs.com\/es\/wp-json\/wp\/v2\/users\/2"}],"replies":[{"embeddable":true,"href":"https:\/\/www.calespachs.com\/es\/wp-json\/wp\/v2\/comments?post=1867"}],"version-history":[{"count":1,"href":"https:\/\/www.calespachs.com\/es\/wp-json\/wp\/v2\/posts\/1867\/revisions"}],"predecessor-version":[{"id":1868,"href":"https:\/\/www.calespachs.com\/es\/wp-json\/wp\/v2\/posts\/1867\/revisions\/1868"}],"wp:featuredmedia":[{"embeddable":true,"href":"https:\/\/www.calespachs.com\/es\/wp-json\/wp\/v2\/media\/735"}],"wp:attachment":[{"href":"https:\/\/www.calespachs.com\/es\/wp-json\/wp\/v2\/media?parent=1867"}],"wp:term":[{"taxonomy":"category","embeddable":true,"href":"https:\/\/www.calespachs.com\/es\/wp-json\/wp\/v2\/categories?post=1867"},{"taxonomy":"post_tag","embeddable":true,"href":"https:\/\/www.calespachs.com\/es\/wp-json\/wp\/v2\/tags?post=1867"}],"curies":[{"name":"wp","href":"https:\/\/api.w.org\/{rel}","templated":true}]}}