{"id":1849,"date":"2022-04-25T15:07:00","date_gmt":"2022-04-25T15:07:00","guid":{"rendered":"http:\/\/calespachs.local.jamgo.org\/cales-de-pachs-se-adhiere-al-programa-de-acuerdos-voluntarios-para-la-reduccion-de-gases-de-efecto-invernadero\/"},"modified":"2023-11-12T22:01:33","modified_gmt":"2023-11-12T22:01:33","slug":"cales-de-pachs-se-adhiere-al-programa-de-acuerdos-voluntarios-para-la-reduccion-de-gases-de-efecto-invernadero","status":"publish","type":"post","link":"https:\/\/www.calespachs.com\/es\/cales-de-pachs-se-adhiere-al-programa-de-acuerdos-voluntarios-para-la-reduccion-de-gases-de-efecto-invernadero\/","title":{"rendered":"Cales de Pachs se adhiere al Programa de Acuerdos Voluntarios para la reducci\u00f3n de gases de efecto invernadero"},"content":{"rendered":"\n<p class=\"has-large-font-size\">En Catalu\u00f1a ya hay m\u00e1s de 200 empresas que forman parte del programa y la mayor\u00eda de ellas pertenecen al sector de la industria<\/p>\n\n<p>Cales de Pachs apuesta desde hace a\u00f1os por adaptar su modelo de negocio a un tipo de producci\u00f3n m\u00e1s sostenible. Durante la \u00faltima d\u00e9cada, la compa\u00f1\u00eda ha integrado el respeto por el medio ambiente como uno de los pilares fundamentales de su ideario, aplicando el uso de energ\u00eda verde en sus procesos productivos y creando productos innovadores respetuosos con el entorno.&#13;\n<\/p>\n\n<p>Para reforzar a\u00fan m\u00e1s su implicaci\u00f3n en la lucha contra el cambio clim\u00e1tico, la empresa con sede en Pacs del Pened\u00e8s se ha adherido al Programa de Acuerdos Voluntarios. El proyecto, impulsado por la Generalitat de Catalunya, reconoce a las compa\u00f1\u00edas que de forma voluntaria quieren establecer un compromiso para reducir sus emisiones de gases de efecto invernadero (GEI).<\/p>\n\n<p>La iniciativa se inici\u00f3 hace una d\u00e9cada y ya se han a\u00f1adido m\u00e1s de doscientas empresas y entidades catalanas. La mayor\u00eda (18%) forman parte del sector industrial, pero existen \u00e1mbitos muy diversos. En el Pened\u00e8s, ya son m\u00e1s de una decena las que forman parte.&#13;\n<\/p>\n\n<p>Mediante el acuerdo que las empresas y organizaciones firman con la Generalitat, las entidades comprometen a realizar un seguimiento de sus emisiones de GEI y establecer anualmente medidas para reducirlas. As\u00ed, desde el Govern se promueve que los entes adheridos lleven a cabo pol\u00edticas activas de diagnosis y reducci\u00f3n de sus emisiones de acuerdo con metodolog\u00edas contrastadas y sometidas a control.<\/p>\n\n<p>El Programa persigue los siguientes objetivos:<\/p>\n\n<p><p id=\"tw-target-text\" class=\"tw-data-text tw-text-large tw-ta\" dir=\"ltr\" data-placeholder=\"Traducci&#xF3;\" data-ved=\"2ahUKEwj1zeX4mr-CAxVERqQEHeljDdcQ3ewLegQIARAQ\"><em><span class=\"Y2IQFc\" lang=\"es\">a) Contribuir a la reducci\u00f3n de las emisiones de GEI (CO2eq) de Catalu\u00f1a.<\/span><\/em><\/p><\/p>\n\n<p><p id=\"tw-target-text\" class=\"tw-data-text tw-text-large tw-ta\" dir=\"ltr\" data-placeholder=\"Traducci&#xF3;\" data-ved=\"2ahUKEwj1zeX4mr-CAxVERqQEHeljDdcQ3ewLegQIARAQ\"><em><span class=\"Y2IQFc\" lang=\"es\">b) Incentivar y promover la realizaci\u00f3n por parte de las organizaciones de actuaciones en relaci\u00f3n con la lucha contra el cambio clim\u00e1tico, especialmente en materia de reducci\u00f3n de sus emisiones de GEI (CO2eq).<\/span><\/em><\/p><\/p>\n\n<p><p id=\"tw-target-text\" class=\"tw-data-text tw-text-large tw-ta\" dir=\"ltr\" data-placeholder=\"Traducci&#xF3;\" data-ved=\"2ahUKEwj1zeX4mr-CAxVERqQEHeljDdcQ3ewLegQIARAQ\"><em><span class=\"Y2IQFc\" lang=\"es\">c) Difundir las propuestas de acci\u00f3n y los resultados alcanzados por las organizaciones a fin de que la experiencia alcanzada pueda ser \u00fatil para otras empresas.<\/span><\/em><\/p><\/p>\n\n<p><p id=\"tw-target-text\" class=\"tw-data-text tw-text-large tw-ta\" dir=\"ltr\" data-placeholder=\"Traducci&#xF3;\" data-ved=\"2ahUKEwj1zeX4mr-CAxVERqQEHeljDdcQ3ewLegQIARAQ\"><em><span class=\"Y2IQFc\" lang=\"es\">d) Sensibilizar al conjunto de la sociedad sobre la viabilidad y los beneficios de llevar a cabo estrategias de reducci\u00f3n de las emisiones de GEI<\/span><\/em><\/p><\/p>\n\n<p>Las organizaciones adheridas cuentan con una etiqueta en catal\u00e1n, castellano e ingl\u00e9s, impulsada por la Oficina Catalana del Cambio Clim\u00e1tico, que reconoce la realizaci\u00f3n de acciones voluntarias.<\/p>\n","protected":false},"excerpt":{"rendered":"<p>En Catalu\u00f1a ya hay m\u00e1s de 200 empresas que forman parte del programa y la mayor\u00eda de ellas pertenecen al sector de la industria Cales de Pachs apuesta desde hace a\u00f1os por adaptar su modelo de negocio a un tipo de producci\u00f3n m\u00e1s sostenible. Durante la \u00faltima d\u00e9cada, la compa\u00f1\u00eda ha integrado el respeto por [&hellip;]<\/p>\n","protected":false},"author":2,"featured_media":816,"comment_status":"open","ping_status":"open","sticky":false,"template":"","format":"standard","meta":{"_acf_changed":false,"footnotes":""},"categories":[53],"tags":[],"class_list":["post-1849","post","type-post","status-publish","format-standard","has-post-thumbnail","hentry","category-actualidad"],"acf":[],"_links":{"self":[{"href":"https:\/\/www.calespachs.com\/es\/wp-json\/wp\/v2\/posts\/1849","targetHints":{"allow":["GET"]}}],"collection":[{"href":"https:\/\/www.calespachs.com\/es\/wp-json\/wp\/v2\/posts"}],"about":[{"href":"https:\/\/www.calespachs.com\/es\/wp-json\/wp\/v2\/types\/post"}],"author":[{"embeddable":true,"href":"https:\/\/www.calespachs.com\/es\/wp-json\/wp\/v2\/users\/2"}],"replies":[{"embeddable":true,"href":"https:\/\/www.calespachs.com\/es\/wp-json\/wp\/v2\/comments?post=1849"}],"version-history":[{"count":1,"href":"https:\/\/www.calespachs.com\/es\/wp-json\/wp\/v2\/posts\/1849\/revisions"}],"predecessor-version":[{"id":1850,"href":"https:\/\/www.calespachs.com\/es\/wp-json\/wp\/v2\/posts\/1849\/revisions\/1850"}],"wp:featuredmedia":[{"embeddable":true,"href":"https:\/\/www.calespachs.com\/es\/wp-json\/wp\/v2\/media\/816"}],"wp:attachment":[{"href":"https:\/\/www.calespachs.com\/es\/wp-json\/wp\/v2\/media?parent=1849"}],"wp:term":[{"taxonomy":"category","embeddable":true,"href":"https:\/\/www.calespachs.com\/es\/wp-json\/wp\/v2\/categories?post=1849"},{"taxonomy":"post_tag","embeddable":true,"href":"https:\/\/www.calespachs.com\/es\/wp-json\/wp\/v2\/tags?post=1849"}],"curies":[{"name":"wp","href":"https:\/\/api.w.org\/{rel}","templated":true}]}}