{"id":1835,"date":"2022-06-20T15:01:00","date_gmt":"2022-06-20T15:01:00","guid":{"rendered":"http:\/\/calespachs.local.jamgo.org\/cales-de-pachs-gana-el-premio-fegp-a-la-innovacion-2022\/"},"modified":"2023-11-12T21:34:15","modified_gmt":"2023-11-12T21:34:15","slug":"cales-de-pachs-gana-el-premio-fegp-a-la-innovacion-2022","status":"publish","type":"post","link":"https:\/\/www.calespachs.com\/es\/cales-de-pachs-gana-el-premio-fegp-a-la-innovacion-2022\/","title":{"rendered":"Cales de Pachs gana el premio FEGP a la innovaci\u00f3n 2022"},"content":{"rendered":"\n<p class=\"has-large-font-size\">La empresa recibe el reconocimiento unos d\u00edas despu\u00e9s de haber sido galardonada con el Premio Nacional de Medio Ambiente<\/p>\n\n<p>Cales de Pachs vuelve a estar de enhorabuena. La empresa de Pacs del Pened\u00e8s, dedicada a la fabricaci\u00f3n de cal, ha recibido un nuevo reconocimiento, en esta ocasi\u00f3n de la mano de la Federaci\u00f3n Empresarial del Gran Pened\u00e8s (FEGP).<\/p>\n\n<p><p id=\"tw-target-text\" class=\"tw-data-text tw-text-large tw-ta\" dir=\"ltr\" data-placeholder=\"Traducci&#xF3;\" data-ved=\"2ahUKEwj1zeX4mr-CAxVERqQEHeljDdcQ3ewLegQIARAQ\"><span class=\"Y2IQFc\" lang=\"es\">Durante la Noche de la Empresa, que se celebr\u00f3 el jueves en la bodega Juv\u00e9 y Camps de Sant Sadurn\u00ed de Anoia, la firma del Pened\u00e8s fue galardonada con el Premio FEGP a la Innovaci\u00f3n, que avala la apuesta que Cales de Pachs ha hecho en los \u00faltimos a\u00f1os para desarrollar productos innovadores. El reconocimiento lo recogi\u00f3 Esteve Gaona, miembro de la direcci\u00f3n facultativa de la compa\u00f1\u00eda, que estuvo acompa\u00f1ado durante el acto por todo el equipo directivo de Cales de Pachs.<\/span><\/p><\/p>\n\n<p><p id=\"tw-target-text\" class=\"tw-data-text tw-text-large tw-ta\" dir=\"ltr\" data-placeholder=\"Traducci&#xF3;\" data-ved=\"2ahUKEwj1zeX4mr-CAxVERqQEHeljDdcQ3ewLegQIARAQ\"><span class=\"Y2IQFc\" lang=\"es\">A la entrega de premios asisti\u00f3 el consejero de Empresa, <strong>Roger Torrent<\/strong>, que afianz\u00f3 la importancia de la industria en Catalu\u00f1a. \u201cQueremos llegar al 25% de peso de la industria en nuestro pa\u00eds. Nos parece un objetivo ambicioso y posible a la vez que nos va a permitir generar riqueza con una industria moderna y verde\u201d, dijo Torrent.<\/span><\/p><\/p>\n\n<p><p id=\"tw-target-text\" class=\"tw-data-text tw-text-large tw-ta\" dir=\"ltr\" data-placeholder=\"Traducci&#xF3;\" data-ved=\"2ahUKEwj1zeX4mr-CAxVERqQEHeljDdcQ3ewLegQIARAQ\"><strong><span class=\"Y2IQFc\" lang=\"es\">Innovaci\u00f3n para garantizar el futuro<\/span><\/strong><\/p><\/p>\n\n<p><p id=\"tw-target-text\" class=\"tw-data-text tw-text-large tw-ta\" dir=\"ltr\" data-placeholder=\"Traducci&#xF3;\" data-ved=\"2ahUKEwj1zeX4mr-CAxVERqQEHeljDdcQ3ewLegQIARAQ\"><span class=\"Y2IQFc\" lang=\"es\">Para imponerse a la competencia de las empresas multinacionales, la compa\u00f1\u00eda, fundada en 1967 por la familia Gran\u00e9, se ha desmarcado de la fabricaci\u00f3n de productos comunes (comodit\u00edas) y ha dado nuevos usos a la cal, b\u00e1sicamente con aplicaciones medioambientales. Tratar el agua para el consumo humano y los humos industriales y de las incineradoras, desinfectar las aguas residuales o la higienizaci\u00f3n de los lodos de depuradora son algunos de los destinos que tiene la cal que se elabora en Cales de Pachs.<\/span><\/p><\/p>\n\n<p><p id=\"tw-target-text\" class=\"tw-data-text tw-text-large tw-ta\" dir=\"ltr\" data-placeholder=\"Traducci&#xF3;\" data-ved=\"2ahUKEwj1zeX4mr-CAxVERqQEHeljDdcQ3ewLegQIARAQ\"><span class=\"Y2IQFc\" lang=\"es\">El reconocimiento de la FEGP a la apuesta innovadora de Cales de Pachs llega s\u00f3lo unos d\u00edas despu\u00e9s de que la empresa fuera galardonada por el Ministerio de Transici\u00f3n Ecol\u00f3gica y Reto Demogr\u00e1fico con el <strong>Premio Nacional de Medio Ambiente<\/strong>.<\/span><\/p><\/p>\n\n<p>En este caso, el gobierno espa\u00f1ol ha destacado la labor que realiza la empresa de Pacs del Pened\u00e8s \u00aben el desarrollo e innovaci\u00f3n tecnol\u00f3gica en la b\u00fasqueda de la sostenibilidad\u00bb.&#13;\n<\/p>\n","protected":false},"excerpt":{"rendered":"<p>La empresa recibe el reconocimiento unos d\u00edas despu\u00e9s de haber sido galardonada con el Premio Nacional de Medio Ambiente Cales de Pachs vuelve a estar de enhorabuena. La empresa de Pacs del Pened\u00e8s, dedicada a la fabricaci\u00f3n de cal, ha recibido un nuevo reconocimiento, en esta ocasi\u00f3n de la mano de la Federaci\u00f3n Empresarial del [&hellip;]<\/p>\n","protected":false},"author":2,"featured_media":717,"comment_status":"open","ping_status":"open","sticky":false,"template":"","format":"standard","meta":{"_acf_changed":false,"footnotes":""},"categories":[53],"tags":[],"class_list":["post-1835","post","type-post","status-publish","format-standard","has-post-thumbnail","hentry","category-actualidad"],"acf":[],"_links":{"self":[{"href":"https:\/\/www.calespachs.com\/es\/wp-json\/wp\/v2\/posts\/1835","targetHints":{"allow":["GET"]}}],"collection":[{"href":"https:\/\/www.calespachs.com\/es\/wp-json\/wp\/v2\/posts"}],"about":[{"href":"https:\/\/www.calespachs.com\/es\/wp-json\/wp\/v2\/types\/post"}],"author":[{"embeddable":true,"href":"https:\/\/www.calespachs.com\/es\/wp-json\/wp\/v2\/users\/2"}],"replies":[{"embeddable":true,"href":"https:\/\/www.calespachs.com\/es\/wp-json\/wp\/v2\/comments?post=1835"}],"version-history":[{"count":1,"href":"https:\/\/www.calespachs.com\/es\/wp-json\/wp\/v2\/posts\/1835\/revisions"}],"predecessor-version":[{"id":1836,"href":"https:\/\/www.calespachs.com\/es\/wp-json\/wp\/v2\/posts\/1835\/revisions\/1836"}],"wp:featuredmedia":[{"embeddable":true,"href":"https:\/\/www.calespachs.com\/es\/wp-json\/wp\/v2\/media\/717"}],"wp:attachment":[{"href":"https:\/\/www.calespachs.com\/es\/wp-json\/wp\/v2\/media?parent=1835"}],"wp:term":[{"taxonomy":"category","embeddable":true,"href":"https:\/\/www.calespachs.com\/es\/wp-json\/wp\/v2\/categories?post=1835"},{"taxonomy":"post_tag","embeddable":true,"href":"https:\/\/www.calespachs.com\/es\/wp-json\/wp\/v2\/tags?post=1835"}],"curies":[{"name":"wp","href":"https:\/\/api.w.org\/{rel}","templated":true}]}}