{"id":1817,"date":"2023-02-21T13:55:00","date_gmt":"2023-02-21T13:55:00","guid":{"rendered":"http:\/\/calespachs.local.jamgo.org\/cales-de-pachs-cierra-el-ano-2022-batiendo-su-record-de-facturacion\/"},"modified":"2023-11-12T21:15:04","modified_gmt":"2023-11-12T21:15:04","slug":"cales-de-pachs-cierra-el-ano-2022-batiendo-su-record-de-facturacion","status":"publish","type":"post","link":"https:\/\/www.calespachs.com\/es\/cales-de-pachs-cierra-el-ano-2022-batiendo-su-record-de-facturacion\/","title":{"rendered":"Cales de Pachs cierra el a\u00f1o 2022 batiendo su r\u00e9cord de facturaci\u00f3n"},"content":{"rendered":"\n<p class=\"has-large-font-size\">El grupo dedicado a la fabricaci\u00f3n de cal y sus derivados comercializ\u00f3, el pasado a\u00f1o, productos por valor de 29,2 millones de euros<\/p>\n\n<p>El fabricante de cal del Pened\u00e8s, Cales de Pachs, ha cerrado el 2022 con cifras de r\u00e9cord. Tras dos ejercicios marcados por la pandemia de la Covid19 y por la crisis de los precios de la energ\u00eda, la empresa con sedes en Pacs del Pened\u00e8s (Alt Pened\u00e8s) y Portugal enfil\u00f3 la facturaci\u00f3n del a\u00f1o pasado hasta los 29, 3 millones de euros.<\/p>\n\n<p>Con esta cifra de ventas, Cales de Pachs incrementa un 50% la facturaci\u00f3n de 2021, que fue de 20 millones de euros.<\/p>\n\n<p>Aunque en los primeros meses del a\u00f1o pasado el incremento del precio de la energ\u00eda hac\u00eda prever un ejercicio complicado, la resiliencia de la compa\u00f1era l\u00edder en fabricaci\u00f3n de cal dio la vuelta al balance. Una de las claves ha sido la apuesta por un cambio de combustible para la fabricaci\u00f3n hacia opciones neutras en emisiones de CO2.<\/p>\n\n<p>\u201cEmpezamos en el 2022 con perspectivas negativas, pero hemos cerrado el a\u00f1o muy satisfechos\u201d, han apuntado Valent\u00ed y Xavier Gran\u00e9, propietarios de Cales de Pachs.<\/p>\n\n<p><strong>Productos a medida<\/strong><\/p>\n\n<p><p id=\"tw-target-text\" class=\"tw-data-text tw-text-large tw-ta\" dir=\"ltr\" data-placeholder=\"Traducci&#xF3;\" data-ved=\"2ahUKEwj1zeX4mr-CAxVERqQEHeljDdcQ3ewLegQIARAQ\"><span class=\"Y2IQFc\" lang=\"es\">Una de las claves del \u00e9xito de Cales de Pachs es la apuesta de la empresa por los productos especializados. Desde hace a\u00f1os han huido de los llamados commodities -productos sin procesar y con cero valor a\u00f1adido- para pasar a fabricar derivados de la cal innovadores, que pueden aplicarse a m\u00faltiples sectores.<\/span><\/p><\/p>\n\n<p>Entre las aplicaciones m\u00e1s destacadas se encuentran los usos medioambientales, con productos espec\u00edficos para el tratamiento de humos industriales (Technical Air) o el tratamiento de lodos de depuradoras (Technical Net), entre otros.<\/p>\n","protected":false},"excerpt":{"rendered":"<p>El grupo dedicado a la fabricaci\u00f3n de cal y sus derivados comercializ\u00f3, el pasado a\u00f1o, productos por valor de 29,2 millones de euros El fabricante de cal del Pened\u00e8s, Cales de Pachs, ha cerrado el 2022 con cifras de r\u00e9cord. Tras dos ejercicios marcados por la pandemia de la Covid19 y por la crisis de [&hellip;]<\/p>\n","protected":false},"author":1,"featured_media":781,"comment_status":"open","ping_status":"open","sticky":false,"template":"","format":"standard","meta":{"_acf_changed":false,"footnotes":""},"categories":[53],"tags":[],"class_list":["post-1817","post","type-post","status-publish","format-standard","has-post-thumbnail","hentry","category-actualidad"],"acf":[],"_links":{"self":[{"href":"https:\/\/www.calespachs.com\/es\/wp-json\/wp\/v2\/posts\/1817","targetHints":{"allow":["GET"]}}],"collection":[{"href":"https:\/\/www.calespachs.com\/es\/wp-json\/wp\/v2\/posts"}],"about":[{"href":"https:\/\/www.calespachs.com\/es\/wp-json\/wp\/v2\/types\/post"}],"author":[{"embeddable":true,"href":"https:\/\/www.calespachs.com\/es\/wp-json\/wp\/v2\/users\/1"}],"replies":[{"embeddable":true,"href":"https:\/\/www.calespachs.com\/es\/wp-json\/wp\/v2\/comments?post=1817"}],"version-history":[{"count":1,"href":"https:\/\/www.calespachs.com\/es\/wp-json\/wp\/v2\/posts\/1817\/revisions"}],"predecessor-version":[{"id":1818,"href":"https:\/\/www.calespachs.com\/es\/wp-json\/wp\/v2\/posts\/1817\/revisions\/1818"}],"wp:featuredmedia":[{"embeddable":true,"href":"https:\/\/www.calespachs.com\/es\/wp-json\/wp\/v2\/media\/781"}],"wp:attachment":[{"href":"https:\/\/www.calespachs.com\/es\/wp-json\/wp\/v2\/media?parent=1817"}],"wp:term":[{"taxonomy":"category","embeddable":true,"href":"https:\/\/www.calespachs.com\/es\/wp-json\/wp\/v2\/categories?post=1817"},{"taxonomy":"post_tag","embeddable":true,"href":"https:\/\/www.calespachs.com\/es\/wp-json\/wp\/v2\/tags?post=1817"}],"curies":[{"name":"wp","href":"https:\/\/api.w.org\/{rel}","templated":true}]}}