{"id":1791,"date":"2023-07-27T18:16:00","date_gmt":"2023-07-27T18:16:00","guid":{"rendered":"http:\/\/calespachs.local.jamgo.org\/finalista-a-los-premios-princep-felipe-de-la-edicion-2009\/"},"modified":"2023-11-12T20:13:40","modified_gmt":"2023-11-12T20:13:40","slug":"finalista-a-los-premios-princep-felipe-de-la-edicion-2009","status":"publish","type":"post","link":"https:\/\/www.calespachs.com\/es\/finalista-a-los-premios-princep-felipe-de-la-edicion-2009\/","title":{"rendered":"FINALISTA A LOS PREMIOS PRINCEP FELIPE DE LA EDICI\u00d3N 2009"},"content":{"rendered":"\n<p class=\"has-large-font-size\">Cales de Pachs queda finalista en este certamen en la modalidad \u00abEficiencia Energ\u00e9tica y Energ\u00edas Renovables\u00bb<\/p>\n\n<p>Cales de Pachs ha recibido un galard\u00f3n como finalista de los Premios Pr\u00edncipe Felipen la categor\u00eda \u00abEficiencia Energ\u00e9tica y Energ\u00edas Renovables\u00bb.<\/p>\n\n<p>El premio Pr\u00edncipe Felipe es el premio nacional espa\u00f1ol de excelencia, creado en 1993 para poner en valor las mejores pr\u00e1cticas de gesti\u00f3n en las empresas espa\u00f1olas.<\/p>\n","protected":false},"excerpt":{"rendered":"<p>Cales de Pachs queda finalista en este certamen en la modalidad \u00abEficiencia Energ\u00e9tica y Energ\u00edas Renovables\u00bb Cales de Pachs ha recibido un galard\u00f3n como finalista de los Premios Pr\u00edncipe Felipen la categor\u00eda \u00abEficiencia Energ\u00e9tica y Energ\u00edas Renovables\u00bb. El premio Pr\u00edncipe Felipe es el premio nacional espa\u00f1ol de excelencia, creado en 1993 para poner en valor [&hellip;]<\/p>\n","protected":false},"author":1,"featured_media":754,"comment_status":"open","ping_status":"open","sticky":false,"template":"","format":"standard","meta":{"_acf_changed":false,"footnotes":""},"categories":[32],"tags":[],"class_list":["post-1791","post","type-post","status-publish","format-standard","has-post-thumbnail","hentry","category-reconeixements-es"],"acf":[],"_links":{"self":[{"href":"https:\/\/www.calespachs.com\/es\/wp-json\/wp\/v2\/posts\/1791","targetHints":{"allow":["GET"]}}],"collection":[{"href":"https:\/\/www.calespachs.com\/es\/wp-json\/wp\/v2\/posts"}],"about":[{"href":"https:\/\/www.calespachs.com\/es\/wp-json\/wp\/v2\/types\/post"}],"author":[{"embeddable":true,"href":"https:\/\/www.calespachs.com\/es\/wp-json\/wp\/v2\/users\/1"}],"replies":[{"embeddable":true,"href":"https:\/\/www.calespachs.com\/es\/wp-json\/wp\/v2\/comments?post=1791"}],"version-history":[{"count":1,"href":"https:\/\/www.calespachs.com\/es\/wp-json\/wp\/v2\/posts\/1791\/revisions"}],"predecessor-version":[{"id":1792,"href":"https:\/\/www.calespachs.com\/es\/wp-json\/wp\/v2\/posts\/1791\/revisions\/1792"}],"wp:featuredmedia":[{"embeddable":true,"href":"https:\/\/www.calespachs.com\/es\/wp-json\/wp\/v2\/media\/754"}],"wp:attachment":[{"href":"https:\/\/www.calespachs.com\/es\/wp-json\/wp\/v2\/media?parent=1791"}],"wp:term":[{"taxonomy":"category","embeddable":true,"href":"https:\/\/www.calespachs.com\/es\/wp-json\/wp\/v2\/categories?post=1791"},{"taxonomy":"post_tag","embeddable":true,"href":"https:\/\/www.calespachs.com\/es\/wp-json\/wp\/v2\/tags?post=1791"}],"curies":[{"name":"wp","href":"https:\/\/api.w.org\/{rel}","templated":true}]}}