{"id":1779,"date":"2023-07-28T13:05:00","date_gmt":"2023-07-28T13:05:00","guid":{"rendered":"http:\/\/calespachs.local.jamgo.org\/premio-uep-2016-a-la-accidentabilidad-0\/"},"modified":"2023-11-12T20:04:07","modified_gmt":"2023-11-12T20:04:07","slug":"premio-uep-2016-a-la-accidentabilidad-0","status":"publish","type":"post","link":"https:\/\/www.calespachs.com\/es\/premio-uep-2016-a-la-accidentabilidad-0\/","title":{"rendered":"PREMIO UEP 2016 A LA ACCIDENTABILIDAD 0"},"content":{"rendered":"\n<p class=\"has-large-font-size\">La Uni\u00f3n Empresarial del Pened\u00e8s reconoce Cales de Pachs en el \u00e1mbito de la seguridad laboral<\/p>\n\n<p>El dia 14 de juliol durant la Nit Empresarial 2016 organitzada per la Uni\u00f3 Empresarial del Pened\u00e8s (UEP), que va reunir prop de 200 persones del m\u00f3n empresarial, pol\u00edtic i associatiu del Pened\u00e8s al restaurant el Mirador de les Caves de Subirats, Cales de Pachs va ser premiada amb el Premi UEP a l\u2019Accidentabilitat 0 en reconeixement a haver estat durant 500 dies seguits sense cap accident laboral.<\/p>\n\n<p>El premio fue recogido por el sr. Francesc Pi\u00f1ol, Director de Producci\u00f3n de Cales de Pachs, quien agradeci\u00f3 la implicaci\u00f3n de todo el Personal y la Direcci\u00f3n de la empresa en hacer posible este reconocimiento.<\/p>\n","protected":false},"excerpt":{"rendered":"<p>La Uni\u00f3n Empresarial del Pened\u00e8s reconoce Cales de Pachs en el \u00e1mbito de la seguridad laboral El dia 14 de juliol durant la Nit Empresarial 2016 organitzada per la Uni\u00f3 Empresarial del Pened\u00e8s (UEP), que va reunir prop de 200 persones del m\u00f3n empresarial, pol\u00edtic i associatiu del Pened\u00e8s al restaurant el Mirador de les [&hellip;]<\/p>\n","protected":false},"author":1,"featured_media":1710,"comment_status":"open","ping_status":"open","sticky":false,"template":"","format":"standard","meta":{"_acf_changed":false,"footnotes":""},"categories":[32],"tags":[],"class_list":["post-1779","post","type-post","status-publish","format-standard","has-post-thumbnail","hentry","category-reconeixements-es"],"acf":[],"_links":{"self":[{"href":"https:\/\/www.calespachs.com\/es\/wp-json\/wp\/v2\/posts\/1779","targetHints":{"allow":["GET"]}}],"collection":[{"href":"https:\/\/www.calespachs.com\/es\/wp-json\/wp\/v2\/posts"}],"about":[{"href":"https:\/\/www.calespachs.com\/es\/wp-json\/wp\/v2\/types\/post"}],"author":[{"embeddable":true,"href":"https:\/\/www.calespachs.com\/es\/wp-json\/wp\/v2\/users\/1"}],"replies":[{"embeddable":true,"href":"https:\/\/www.calespachs.com\/es\/wp-json\/wp\/v2\/comments?post=1779"}],"version-history":[{"count":1,"href":"https:\/\/www.calespachs.com\/es\/wp-json\/wp\/v2\/posts\/1779\/revisions"}],"predecessor-version":[{"id":1780,"href":"https:\/\/www.calespachs.com\/es\/wp-json\/wp\/v2\/posts\/1779\/revisions\/1780"}],"wp:featuredmedia":[{"embeddable":true,"href":"https:\/\/www.calespachs.com\/es\/wp-json\/wp\/v2\/media\/1710"}],"wp:attachment":[{"href":"https:\/\/www.calespachs.com\/es\/wp-json\/wp\/v2\/media?parent=1779"}],"wp:term":[{"taxonomy":"category","embeddable":true,"href":"https:\/\/www.calespachs.com\/es\/wp-json\/wp\/v2\/categories?post=1779"},{"taxonomy":"post_tag","embeddable":true,"href":"https:\/\/www.calespachs.com\/es\/wp-json\/wp\/v2\/tags?post=1779"}],"curies":[{"name":"wp","href":"https:\/\/api.w.org\/{rel}","templated":true}]}}