{"id":1757,"date":"2023-08-09T12:48:00","date_gmt":"2023-08-09T12:48:00","guid":{"rendered":"http:\/\/calespachs.local.jamgo.org\/premio-nacional-de-medio-ambiente-del-ministerio-de-transicion-ecologica-y-reto-demografico\/"},"modified":"2023-11-12T19:40:31","modified_gmt":"2023-11-12T19:40:31","slug":"premio-nacional-de-medio-ambiente-del-ministerio-de-transicion-ecologica-y-reto-demografico","status":"publish","type":"post","link":"https:\/\/www.calespachs.com\/es\/premio-nacional-de-medio-ambiente-del-ministerio-de-transicion-ecologica-y-reto-demografico\/","title":{"rendered":"PREMIO NACIONAL DE MEDIO AMBIENTE DEL MINISTERIO DE TRANSICI\u00d3N ECOL\u00d3GICA Y RETO DEMOGR\u00c1FICO"},"content":{"rendered":"\n<p class=\"has-large-font-size\">El Gobierno reconoce la labor de la empresa de Pacs del Pened\u00e8s en el desarrollo y la innovaci\u00f3n tecnol\u00f3gica en busca de la sostenibilidad&#13;\n<\/p>\n<a class=\"wp-block-read-more\" href=\"https:\/\/www.calespachs.com\/es\/premio-nacional-de-medio-ambiente-del-ministerio-de-transicion-ecologica-y-reto-demografico\/\" target=\"_self\">Leer m\u00e1s<span class=\"screen-reader-text\">: PREMIO NACIONAL DE MEDIO AMBIENTE DEL MINISTERIO DE TRANSICI\u00d3N ECOL\u00d3GICA Y RETO DEMOGR\u00c1FICO<\/span><\/a>\n<p>El Ministerio de Transici\u00f3n Ecol\u00f3gica y Reto Demogr\u00e1fico (MITECO) ha reconocido <strong>Cales de Pachs<\/strong> con el <strong>Premio Nacional de Medio Ambiente &#8216;Lucas Mallada, de econom\u00eda y medio ambiente&#8217;<\/strong>. El gobierno espa\u00f1ol ha destacado la labor que realiza la empresa de Pacs del Pened\u00e8s \u00aben el desarrollo e innovaci\u00f3n tecnol\u00f3gica en busca de la sostenibilidad\u00bb.&#13;\n&#13;\n\u00a0<\/p>\n\n<p>Los Premios Nacionales de Energ\u00eda y Medio Ambiente 2021, que se han recuperado despu\u00e9s de m\u00e1s de una d\u00e9cada, reconocen p\u00fablicamente a las personas o entidades que han destacado, o bien por sus aportaciones creadoras, cient\u00edficas, educativas o sociales en favor de la descarbonizaci\u00f3n de la econom\u00eda, o bien por la defensa, estudios o promoci\u00f3n ambiental o clim\u00e1tica, contribuyendo a la conservaci\u00f3n y protecci\u00f3n de los valores ambientales.&#13;\n<\/p>\n\n<p>Seg\u00fan el MITECO, la compa\u00f1\u00eda de Pacs del Pened\u00e8s ha demostrado con su actividad \u00abque el uso de cal para absorber gases contaminantes y para el tratamiento de lodos de depuradora es eficaz para combatir la contaminaci\u00f3n, y es viable econ\u00f3micamente\u00bb.<\/p>\n\n<p><p id=\"tw-target-text\" class=\"tw-data-text tw-text-large tw-ta\" dir=\"ltr\" data-placeholder=\"Traducci&#xF3;\" data-ved=\"2ahUKEwj1zeX4mr-CAxVERqQEHeljDdcQ3ewLegQIARAQ\"><span class=\"Y2IQFc\" lang=\"es\"><strong>Xavier Gran\u00e9<\/strong>, propietario de la empresa junto a su hermano<strong> Valent\u00ed Gran\u00e9<\/strong>, recogi\u00f3 el lunes el premio en una gala que se celebr\u00f3 en la sede del Ministerio. En su intervenci\u00f3n, Gran\u00e9 destac\u00f3 el trabajo que realiza Cales de Pachs para competir con las grandes corporaciones \u201cdesarrollo productos para mercados nicho, con creatividad, ingenio y trabajo, es decir, I+D\u201d.<\/span><\/p><\/p>\n\n<p>El propietario de Cales de Pachs destac\u00f3 dos de los productos que fabrica la empresa en el \u00e1mbito del medio ambiente, como MICROXICAL (enfocado al reciclaje de pl\u00e1stico y la econom\u00eda circular) y el TECHNICAL-AIR (para el tratamiento de efluentes contaminantes para evitar la lluvia \u00e1cida).<\/p>\n\n<p><p id=\"tw-target-text\" class=\"tw-data-text tw-text-large tw-ta\" dir=\"ltr\" data-placeholder=\"Traducci&#xF3;\" data-ved=\"2ahUKEwj1zeX4mr-CAxVERqQEHeljDdcQ3ewLegQIARAQ\"><span class=\"Y2IQFc\" lang=\"es\"><strong>Xavi Gran\u00e9<\/strong> tambi\u00e9n apunt\u00f3 que este galard\u00f3n \u00abes reconfortante despu\u00e9s de una \u00e9poca en la que hemos tenido que sufrir la pandemia, la crisis energ\u00e9tica, y el aumento del precio de las emisiones de CO2\u00bb. Adem\u00e1s, aprovech\u00f3 su parlamento para reclamar que acabe de una vez la B-40 (conocida popularmente como Quart Cintur\u00f3) \u201cporque permitir\u00eda ahorrar muchas toneladas de gases invernadero que se producen con la congesti\u00f3n de la B-30 \u201d.<\/span><\/p><\/p>\n\n<p><p id=\"tw-target-text\" class=\"tw-data-text tw-text-large tw-ta\" dir=\"ltr\" data-placeholder=\"Traducci&#xF3;\" data-ved=\"2ahUKEwj1zeX4mr-CAxVERqQEHeljDdcQ3ewLegQIARAQ\"><span class=\"Y2IQFc\" lang=\"es\">Por su parte, la vicepresidenta del Gobierno y ministra para la Transici\u00f3n Energ\u00e9tica y el Reto Demogr\u00e1fico, <strong>Teresa Ribera<\/strong>, record\u00f3 en su discurso que \u00abes imprescindible contar con el compromiso de todos los ciudadanos\u00bb en pleno proceso hacia un modelo econ\u00f3mico y social m\u00e1s sostenible.<\/span><\/p><\/p>\n\n<p>\u00abVosotros representa la capacidad de hacer las cosas de una manera diferente y pone en valor el poder de los ciudadanos, de lo peque\u00f1o, de una ciudadan\u00eda activa que sabe cu\u00e1l es su \u00e1mbito para construir\u00bb, dijo Ribera a los premiados.&#13;\n<\/p>\n\n<p>Adem\u00e1s de Cales de Pachs, han sido galardonados con los Premios Nacionales de Energ\u00eda y Medio Ambiente 2021: la Fundaci\u00f3n Global Nature y la Fundaci\u00f3n Ox\u00edgeno (Premio Nacional de Medio Ambiente \u201cF\u00e9lix Rodr\u00edguez de La Fuente, de conservaci\u00f3n de la naturaleza\u201d, y Econward Tech (Premio Nacional de Energ\u00eda \u201cMar\u00eda del Rosario Heras\u201d. Tambi\u00e9n se han entregado ocho premios extraordinarios, y dos menciones honr\u00edficas.<\/p>\n","protected":false},"excerpt":{"rendered":"<p>El Gobierno reconoce la labor de la empresa de Pacs del Pened\u00e8s en el desarrollo y la innovaci\u00f3n tecnol\u00f3gica en busca de la sostenibilidad&#13; El Ministerio de Transici\u00f3n Ecol\u00f3gica y Reto Demogr\u00e1fico (MITECO) ha reconocido Cales de Pachs con el Premio Nacional de Medio Ambiente &#8216;Lucas Mallada, de econom\u00eda y medio ambiente&#8217;. El gobierno espa\u00f1ol [&hellip;]<\/p>\n","protected":false},"author":1,"featured_media":1706,"comment_status":"open","ping_status":"open","sticky":false,"template":"","format":"standard","meta":{"_acf_changed":false,"footnotes":""},"categories":[32],"tags":[],"class_list":["post-1757","post","type-post","status-publish","format-standard","has-post-thumbnail","hentry","category-reconeixements-es"],"acf":[],"_links":{"self":[{"href":"https:\/\/www.calespachs.com\/es\/wp-json\/wp\/v2\/posts\/1757","targetHints":{"allow":["GET"]}}],"collection":[{"href":"https:\/\/www.calespachs.com\/es\/wp-json\/wp\/v2\/posts"}],"about":[{"href":"https:\/\/www.calespachs.com\/es\/wp-json\/wp\/v2\/types\/post"}],"author":[{"embeddable":true,"href":"https:\/\/www.calespachs.com\/es\/wp-json\/wp\/v2\/users\/1"}],"replies":[{"embeddable":true,"href":"https:\/\/www.calespachs.com\/es\/wp-json\/wp\/v2\/comments?post=1757"}],"version-history":[{"count":3,"href":"https:\/\/www.calespachs.com\/es\/wp-json\/wp\/v2\/posts\/1757\/revisions"}],"predecessor-version":[{"id":1760,"href":"https:\/\/www.calespachs.com\/es\/wp-json\/wp\/v2\/posts\/1757\/revisions\/1760"}],"wp:featuredmedia":[{"embeddable":true,"href":"https:\/\/www.calespachs.com\/es\/wp-json\/wp\/v2\/media\/1706"}],"wp:attachment":[{"href":"https:\/\/www.calespachs.com\/es\/wp-json\/wp\/v2\/media?parent=1757"}],"wp:term":[{"taxonomy":"category","embeddable":true,"href":"https:\/\/www.calespachs.com\/es\/wp-json\/wp\/v2\/categories?post=1757"},{"taxonomy":"post_tag","embeddable":true,"href":"https:\/\/www.calespachs.com\/es\/wp-json\/wp\/v2\/tags?post=1757"}],"curies":[{"name":"wp","href":"https:\/\/api.w.org\/{rel}","templated":true}]}}