{"id":1869,"date":"2021-10-08T15:21:00","date_gmt":"2021-10-08T15:21:00","guid":{"rendered":"http:\/\/calespachs.local.jamgo.org\/cales-de-pachs-a-movie-set\/"},"modified":"2023-11-12T22:17:53","modified_gmt":"2023-11-12T22:17:53","slug":"cales-de-pachs-a-movie-set","status":"publish","type":"post","link":"https:\/\/www.calespachs.com\/en\/cales-de-pachs-a-movie-set\/","title":{"rendered":"Cales de Pachs, a movie set"},"content":{"rendered":"\n<p class=\"has-large-font-size\">The quarries of Pacs del Pened\u00e8s and Vilanova i la Geltr\u00fa have hosted various recordings of audiovisual content in recent months<\/p>\n\n<p>Pened\u00e8s is a territory with an unlimited offer of landscapes. In recent years, its privileged location has made it popular with audiovisual companies from all over the European continent, who find in the area a thousand and one unique locations for their recordings.<\/p>\n\n<p>From the hand of the label Gran Pened\u00e8s Film Commission, created by the company NODE Film Cl\u00faster with the aim of achieving a pre-eminent position in the market of filmographic destinations, the last few years have been shot in the Upper and Lower Pened\u00e8s and the Garraf dozens of commercials, films, series and music videos, all with the same common denominator: having the Pened\u00e8s as a backdrop. They have been involved from administrations to private companies.<\/p>\n\n<p>One of the companies that has most participated in this new trend is Cales de Pachs. The two quarries that the company has in Gran Pened\u00e8s &#8211; one in Pacs del Pened\u00e8s (the company&#8217;s headquarters) and one in Vilanova i la Geltr\u00fa &#8211; have in recent months hosted the recording teams of several audiovisual production companies that have managed to transform these spaces in unimaginable places, like a snowy mountain or a distant planet on Earth.<\/p>\n\n<p>In the quarries of Cales de Pachs, prominent fashion companies have been engraved, one of the leading companies in the manufacture of smartphones, music groups, film producers, and now a contract is being concluded with a large production company streaming content to record a series on.<\/p>\n\n<p>An example of the possibilities offered by the Pachs del Pened\u00e8s company due to the versatility of its facilities.&#13;\n<\/p>\n","protected":false},"excerpt":{"rendered":"<p>The quarries of Pacs del Pened\u00e8s and Vilanova i la Geltr\u00fa have hosted various recordings of audiovisual content in recent months Pened\u00e8s is a territory with an unlimited offer of landscapes. In recent years, its privileged location has made it popular with audiovisual companies from all over the European continent, who find in the area [&hellip;]<\/p>\n","protected":false},"author":2,"featured_media":1741,"comment_status":"open","ping_status":"open","sticky":false,"template":"","format":"standard","meta":{"_acf_changed":false,"footnotes":""},"categories":[51],"tags":[],"class_list":["post-1869","post","type-post","status-publish","format-standard","has-post-thumbnail","hentry","category-news"],"acf":[],"_links":{"self":[{"href":"https:\/\/www.calespachs.com\/en\/wp-json\/wp\/v2\/posts\/1869","targetHints":{"allow":["GET"]}}],"collection":[{"href":"https:\/\/www.calespachs.com\/en\/wp-json\/wp\/v2\/posts"}],"about":[{"href":"https:\/\/www.calespachs.com\/en\/wp-json\/wp\/v2\/types\/post"}],"author":[{"embeddable":true,"href":"https:\/\/www.calespachs.com\/en\/wp-json\/wp\/v2\/users\/2"}],"replies":[{"embeddable":true,"href":"https:\/\/www.calespachs.com\/en\/wp-json\/wp\/v2\/comments?post=1869"}],"version-history":[{"count":1,"href":"https:\/\/www.calespachs.com\/en\/wp-json\/wp\/v2\/posts\/1869\/revisions"}],"predecessor-version":[{"id":1870,"href":"https:\/\/www.calespachs.com\/en\/wp-json\/wp\/v2\/posts\/1869\/revisions\/1870"}],"wp:featuredmedia":[{"embeddable":true,"href":"https:\/\/www.calespachs.com\/en\/wp-json\/wp\/v2\/media\/1741"}],"wp:attachment":[{"href":"https:\/\/www.calespachs.com\/en\/wp-json\/wp\/v2\/media?parent=1869"}],"wp:term":[{"taxonomy":"category","embeddable":true,"href":"https:\/\/www.calespachs.com\/en\/wp-json\/wp\/v2\/categories?post=1869"},{"taxonomy":"post_tag","embeddable":true,"href":"https:\/\/www.calespachs.com\/en\/wp-json\/wp\/v2\/tags?post=1869"}],"curies":[{"name":"wp","href":"https:\/\/api.w.org\/{rel}","templated":true}]}}