{"id":1825,"date":"2022-07-04T14:48:00","date_gmt":"2022-07-04T14:48:00","guid":{"rendered":"http:\/\/calespachs.local.jamgo.org\/the-minister-of-business-and-employment-roger-torrent-visits-the-cales-de-pachs-headquarters\/"},"modified":"2023-11-12T21:24:07","modified_gmt":"2023-11-12T21:24:07","slug":"the-minister-of-business-and-employment-roger-torrent-visits-the-cales-de-pachs-headquarters","status":"publish","type":"post","link":"https:\/\/www.calespachs.com\/en\/the-minister-of-business-and-employment-roger-torrent-visits-the-cales-de-pachs-headquarters\/","title":{"rendered":"The Minister of Business and Employment, Roger Torrent, visits the Cales de Pachs headquarters"},"content":{"rendered":"\n<p class=\"has-large-font-size\">Torrent learned from Valent\u00ed Gran\u00e9 about the company&#8217;s history, the products it makes and visited the Pacs del Pened\u00e8s facilities<\/p>\n\n<p><p id=\"tw-target-text\" class=\"tw-data-text tw-text-large tw-ta\" dir=\"ltr\" data-placeholder=\"Traducci&#xF3;\" data-ved=\"2ahUKEwj1zeX4mr-CAxVERqQEHeljDdcQ3ewLegQIARAQ\"><span class=\"Y2IQFc\" lang=\"en\">The Minister of Business and Work, <strong>Roger Torrent<\/strong>, visited the <strong>Cales de Pachs<\/strong> facilities, in Pacs del Pened\u00e8s, a few days ago to learn about the company from Pened\u00e8s that this year has been awarded the Ministry&#8217;s National Environment Award of Ecological Transition and Demographic Challenge (MITECO).<\/span><\/p><\/p>\n\n<p>Torrent met Valent\u00ed Gran\u00e9, owner of the company together with his brother Xavier Gran\u00e9, who explained to him how the company works and what the lime production process is. Gran\u00e9 emphasized the commitment that Cales de Pachs has made in recent years to excel in the development of innovative products.&#13;\n<\/p>\n\n<p>The company from Penedes is one of the most important in the lime sector in the state. For more than fifty years it has been dedicated to the manufacture of limestone derivatives, with a special focus on those with environmental applications. Among them is the TECHNICAL-NET for the sanitization of sewage sludge (including SARS-CoV-2) or the TECHNICAL-AIR for the filtering and purification of fumes with sulfur, chlorine and fluorine contents.<\/p>\n\n<p>Valent\u00ed Gran\u00e9 spoke about this type of product with Councilor Torrent, to whom he also advanced some future projects that the company is working on. Likewise, the owner of Cales de Pachs conveyed to him some concerns arising from the current economic situation, such as the increase in the price of energy, or the administrative hurdles companies are facing.<\/p>\n\n<p>After a meeting at the company&#8217;s offices, Roger Torrent also visited the lime factory in Pacs del Pened\u00e8s and the quarry where the raw material to manufacture this product comes from. The one in Pacs is one of the three quarries that the company has. The others are located in Vilanova i la Geltr\u00fa (Garraf) and F\u00e1tima (Portugal).<\/p>\n\n<p><p id=\"tw-target-text\" class=\"tw-data-text tw-text-large tw-ta\" dir=\"ltr\" data-placeholder=\"Traducci&#xF3;\" data-ved=\"2ahUKEwj1zeX4mr-CAxVERqQEHeljDdcQ3ewLegQIARAQ\"><span class=\"Y2IQFc\" lang=\"en\">Roger Torrent and Valent\u00ed Gran\u00e9 met for a while after the visit to Cales de Pachs as part of the Business Night of the Business Federation of the Greater Pened\u00e8s (FEGP), which took place at the Juv\u00e9 and Camps de Sant Sadurn\u00ed d&#8217;Anoia. During the evening, the lime manufacturing company received the FEGP Award for Innovation.<\/span><\/p><\/p>\n","protected":false},"excerpt":{"rendered":"<p>Torrent learned from Valent\u00ed Gran\u00e9 about the company&#8217;s history, the products it makes and visited the Pacs del Pened\u00e8s facilities The Minister of Business and Work, Roger Torrent, visited the Cales de Pachs facilities, in Pacs del Pened\u00e8s, a few days ago to learn about the company from Pened\u00e8s that this year has been awarded [&hellip;]<\/p>\n","protected":false},"author":2,"featured_media":1721,"comment_status":"open","ping_status":"open","sticky":false,"template":"","format":"standard","meta":{"_acf_changed":false,"footnotes":""},"categories":[51],"tags":[],"class_list":["post-1825","post","type-post","status-publish","format-standard","has-post-thumbnail","hentry","category-news"],"acf":[],"_links":{"self":[{"href":"https:\/\/www.calespachs.com\/en\/wp-json\/wp\/v2\/posts\/1825","targetHints":{"allow":["GET"]}}],"collection":[{"href":"https:\/\/www.calespachs.com\/en\/wp-json\/wp\/v2\/posts"}],"about":[{"href":"https:\/\/www.calespachs.com\/en\/wp-json\/wp\/v2\/types\/post"}],"author":[{"embeddable":true,"href":"https:\/\/www.calespachs.com\/en\/wp-json\/wp\/v2\/users\/2"}],"replies":[{"embeddable":true,"href":"https:\/\/www.calespachs.com\/en\/wp-json\/wp\/v2\/comments?post=1825"}],"version-history":[{"count":1,"href":"https:\/\/www.calespachs.com\/en\/wp-json\/wp\/v2\/posts\/1825\/revisions"}],"predecessor-version":[{"id":1826,"href":"https:\/\/www.calespachs.com\/en\/wp-json\/wp\/v2\/posts\/1825\/revisions\/1826"}],"wp:featuredmedia":[{"embeddable":true,"href":"https:\/\/www.calespachs.com\/en\/wp-json\/wp\/v2\/media\/1721"}],"wp:attachment":[{"href":"https:\/\/www.calespachs.com\/en\/wp-json\/wp\/v2\/media?parent=1825"}],"wp:term":[{"taxonomy":"category","embeddable":true,"href":"https:\/\/www.calespachs.com\/en\/wp-json\/wp\/v2\/categories?post=1825"},{"taxonomy":"post_tag","embeddable":true,"href":"https:\/\/www.calespachs.com\/en\/wp-json\/wp\/v2\/tags?post=1825"}],"curies":[{"name":"wp","href":"https:\/\/api.w.org\/{rel}","templated":true}]}}