{"id":1775,"date":"2023-07-28T13:05:00","date_gmt":"2023-07-28T13:05:00","guid":{"rendered":"http:\/\/calespachs.local.jamgo.org\/uep-2016-award-for-accidentability-0\/"},"modified":"2023-11-12T19:57:15","modified_gmt":"2023-11-12T19:57:15","slug":"uep-2016-award-for-accidentability-0","status":"publish","type":"post","link":"https:\/\/www.calespachs.com\/en\/uep-2016-award-for-accidentability-0\/","title":{"rendered":"UEP 2016 AWARD FOR ACCIDENTABILITY 0"},"content":{"rendered":"\n<p class=\"has-large-font-size\">The Uni\u00f3 Empresarial del Pened\u00e8s recognizes Cales de Pachs in the field of occupational safety<\/p>\n\n<p>On July 14 during the Business Night 2016 organized by the Uni\u00f3 Empresarial del Pened\u00e8s (UEP), which brought together nearly 200 people from the business, political and associative world of Pened\u00e8s at the Mirador de les Caves de Subirats restaurant, Cales de Pachs she was awarded the UEP Award for 0 Accidents in recognition of having been for 500 days in a row without any occupational accidents.<\/p>\n\n<p>The award was collected by Mr. Francesc Pi\u00f1ol, Production Director of Cales de Pachs, who thanked the involvement of all the staff and management of the company in making this recognition possible.&#13;\n<\/p>\n","protected":false},"excerpt":{"rendered":"<p>The Uni\u00f3 Empresarial del Pened\u00e8s recognizes Cales de Pachs in the field of occupational safety On July 14 during the Business Night 2016 organized by the Uni\u00f3 Empresarial del Pened\u00e8s (UEP), which brought together nearly 200 people from the business, political and associative world of Pened\u00e8s at the Mirador de les Caves de Subirats restaurant, [&hellip;]<\/p>\n","protected":false},"author":1,"featured_media":1708,"comment_status":"open","ping_status":"open","sticky":false,"template":"","format":"standard","meta":{"_acf_changed":false,"footnotes":""},"categories":[34],"tags":[],"class_list":["post-1775","post","type-post","status-publish","format-standard","has-post-thumbnail","hentry","category-reconeixements-en"],"acf":[],"_links":{"self":[{"href":"https:\/\/www.calespachs.com\/en\/wp-json\/wp\/v2\/posts\/1775","targetHints":{"allow":["GET"]}}],"collection":[{"href":"https:\/\/www.calespachs.com\/en\/wp-json\/wp\/v2\/posts"}],"about":[{"href":"https:\/\/www.calespachs.com\/en\/wp-json\/wp\/v2\/types\/post"}],"author":[{"embeddable":true,"href":"https:\/\/www.calespachs.com\/en\/wp-json\/wp\/v2\/users\/1"}],"replies":[{"embeddable":true,"href":"https:\/\/www.calespachs.com\/en\/wp-json\/wp\/v2\/comments?post=1775"}],"version-history":[{"count":1,"href":"https:\/\/www.calespachs.com\/en\/wp-json\/wp\/v2\/posts\/1775\/revisions"}],"predecessor-version":[{"id":1776,"href":"https:\/\/www.calespachs.com\/en\/wp-json\/wp\/v2\/posts\/1775\/revisions\/1776"}],"wp:featuredmedia":[{"embeddable":true,"href":"https:\/\/www.calespachs.com\/en\/wp-json\/wp\/v2\/media\/1708"}],"wp:attachment":[{"href":"https:\/\/www.calespachs.com\/en\/wp-json\/wp\/v2\/media?parent=1775"}],"wp:term":[{"taxonomy":"category","embeddable":true,"href":"https:\/\/www.calespachs.com\/en\/wp-json\/wp\/v2\/categories?post=1775"},{"taxonomy":"post_tag","embeddable":true,"href":"https:\/\/www.calespachs.com\/en\/wp-json\/wp\/v2\/tags?post=1775"}],"curies":[{"name":"wp","href":"https:\/\/api.w.org\/{rel}","templated":true}]}}